{"id":101,"date":"2014-10-20T14:30:00","date_gmt":"2014-10-20T14:30:00","guid":{"rendered":"https:\/\/biblioteca.tianat.cat\/?p=101"},"modified":"2015-05-19T11:19:37","modified_gmt":"2015-05-19T11:19:37","slug":"dia-mundial-de-les-biblioteques","status":"publish","type":"post","link":"https:\/\/biblioteca.tianat.cat\/?p=101","title":{"rendered":"Dia mundial de les biblioteques"},"content":{"rendered":"<div style=\"text-align: justify;\">\n<div class=\"separator\" style=\"clear: both; text-align: center;\">\n<a href=\"https:\/\/biblioteca.tianat.cat\/wp-content\/uploads\/2014\/10\/20140512_153416_bloc.jpg\" imageanchor=\"1\" style=\"clear: left; float: left; margin-bottom: 1em; margin-right: 1em;\"><img decoding=\"async\" border=\"0\" src=\"https:\/\/biblioteca.tianat.cat\/wp-content\/uploads\/2014\/10\/20140512_153416_bloc.jpg\" \/><\/a><\/div>\n<p>Si hi ha un <a href=\"http:\/\/ca.wikipedia.org\/wiki\/Dia_Mundial_del_Medi_Ambient\" target=\"_blank\">dia mundial del Medi Ambient<\/a>, un <a href=\"http:\/\/ca.wikipedia.org\/wiki\/Dia_Escolar_de_la_No-viol%C3%A8ncia_i_la_Pau\" target=\"_blank\">Dia Escolar de la no-viol\u00e8ncia i de la pau<\/a>, el <a href=\"http:\/\/ca.wikipedia.org\/wiki\/Dia_Mundial_de_la_Salut\" target=\"_blank\">dia mundial de la salut<\/a>&#8230; per qu\u00e8 no pot haver-hi un <a href=\"http:\/\/ca.wikipedia.org\/wiki\/Biblioteca\" target=\"_blank\">Dia Mundial de les Biblioteques<\/a>?<\/div>\n<div style=\"text-align: justify;\">\nEl 1997<br \/>\nl&#8217;<a href=\"http:\/\/www.amigosdelibro.com\/\" target=\"_blank\">Associaci\u00f3 Espanyola d&#8217;Amics del Llibre Infantil i Juvenil<\/a> va proposar de celebrar el&nbsp; Dia de la Biblioteca amb l&#8217;objectiu de traslladar a l&#8217;opini\u00f3 p\u00fablica el paper central de la biblioteca com a punt de trobada de lectors de totes les edats amb la cultura i com a instrument de millora de la formaci\u00f3 i la conviv\u00e8ncia humanes.<br \/>\nAquest any, per commemorar-ho, els responsables de les biblioteques que formem part de la <a href=\"http:\/\/extranet.cultura.gencat.cat\/cercadorbiblioteques\/start.do;jsessionid=0E6014D98DAEBF8772091DA4CA9D8145?set-locale=ca_ES\" target=\"_blank\">Xarxa de Biblioteques Municipals<\/a>, ens trobarem al <a href=\"http:\/\/www.cccb.org\/ca\/\" target=\"_blank\">CCCB <\/a>on podrem compartir experi\u00e8ncies i agafar idees per seguir apropant la biblioteca al lector.&nbsp;<br \/>\nMalgrat que ens agrada molt celebrar aquestes dates, a Tiana pensem que cada dia \u00e9s el dia de la biblioteca. Ens agrada obrir-vos les portes a la cultura, al lleure, a la formaci\u00f3&#8230; i \u00e9s que a Can Baratau (com en totes les biblioteques p\u00fabliques de Barcelona) hi trobareu llibres, revistes, pel\u00b7l\u00edcules, ordinadors, wi-fi&#8230; perqu\u00e8 entre vosaltres i el coneixement nom\u00e9s hi hagi les ganes d&#8217;aprendre.<\/p>\n<p><b>Feli\u00e7 Dia de la Biblioteca!<\/b> (23 d&#8217;octubre)<b><\/b><\/div>\n","protected":false},"excerpt":{"rendered":"<p>Si hi ha un dia mundial del Medi Ambient, un Dia Escolar de la no-viol\u00e8ncia i de la pau, el dia mundial de la salut&#8230; per qu\u00e8 no pot haver-hi un Dia<a class=\"moretag\" href=\"https:\/\/biblioteca.tianat.cat\/?p=101\">Read More&#8230;<\/a><\/p>\n","protected":false},"author":1,"featured_media":648,"comment_status":"closed","ping_status":"closed","sticky":false,"template":"","format":"standard","meta":[],"categories":[78],"tags":[13],"_links":{"self":[{"href":"https:\/\/biblioteca.tianat.cat\/index.php?rest_route=\/wp\/v2\/posts\/101"}],"collection":[{"href":"https:\/\/biblioteca.tianat.cat\/index.php?rest_route=\/wp\/v2\/posts"}],"about":[{"href":"https:\/\/biblioteca.tianat.cat\/index.php?rest_route=\/wp\/v2\/types\/post"}],"author":[{"embeddable":true,"href":"https:\/\/biblioteca.tianat.cat\/index.php?rest_route=\/wp\/v2\/users\/1"}],"replies":[{"embeddable":true,"href":"https:\/\/biblioteca.tianat.cat\/index.php?rest_route=%2Fwp%2Fv2%2Fcomments&post=101"}],"version-history":[{"count":1,"href":"https:\/\/biblioteca.tianat.cat\/index.php?rest_route=\/wp\/v2\/posts\/101\/revisions"}],"predecessor-version":[{"id":649,"href":"https:\/\/biblioteca.tianat.cat\/index.php?rest_route=\/wp\/v2\/posts\/101\/revisions\/649"}],"wp:featuredmedia":[{"embeddable":true,"href":"https:\/\/biblioteca.tianat.cat\/index.php?rest_route=\/wp\/v2\/media\/648"}],"wp:attachment":[{"href":"https:\/\/biblioteca.tianat.cat\/index.php?rest_route=%2Fwp%2Fv2%2Fmedia&parent=101"}],"wp:term":[{"taxonomy":"category","embeddable":true,"href":"https:\/\/biblioteca.tianat.cat\/index.php?rest_route=%2Fwp%2Fv2%2Fcategories&post=101"},{"taxonomy":"post_tag","embeddable":true,"href":"https:\/\/biblioteca.tianat.cat\/index.php?rest_route=%2Fwp%2Fv2%2Ftags&post=101"}],"curies":[{"name":"wp","href":"https:\/\/api.w.org\/{rel}","templated":true}]}}