{"id":10548,"date":"2024-01-13T09:57:38","date_gmt":"2024-01-13T07:57:38","guid":{"rendered":"https:\/\/biblioteca.tianat.cat\/?p=10548"},"modified":"2024-01-13T10:57:31","modified_gmt":"2024-01-13T08:57:31","slug":"dissabte-13-de-gener-primeres-paraules","status":"publish","type":"post","link":"https:\/\/biblioteca.tianat.cat\/?p=10548","title":{"rendered":"Dissabte 13 de gener &#8211; Primeres paraules"},"content":{"rendered":"\n<p>Quines s\u00f3n les primeres paraules d\u2019un infant? Gisela Llimona obrir\u00e0 La Maleta de les Primeres Paraules, amb la qual els adults ajudaran els m\u00e9s menuts a jugar i a descobrir els mots. A trav\u00e9s de les can\u00e7ons, les moixaines i els jocs de falda, els infants s\u2019endinsaran en el&nbsp;m\u00f3n dels sons&nbsp;i la&nbsp;comunicaci\u00f3 verbal.&nbsp;Un espai \u00edntim on plegats ens divertirem amb les nostres&nbsp;veus.&nbsp;Les&nbsp;repeticions sil\u00b7l\u00e0biques&nbsp;i les&nbsp;onomatopeies&nbsp;s\u00f3n els pilars del vocabulari infantil m\u00e9s incipient.<strong>&nbsp;<\/strong>En parlem?<\/p>\n\n\n\n<p>A c\u00e0rrec de Gisela Llimona<\/p>\n\n\n\n<p>Per a infants de <strong>0 a 3 anys<\/strong><\/p>\n","protected":false},"excerpt":{"rendered":"<p>Quines s\u00f3n les primeres paraules d\u2019un infant? Gisela Llimona obrir\u00e0 La Maleta de les Primeres Paraules, amb la qual els adults ajudaran els m\u00e9s menuts a jugar i a descobrir els mots.<a class=\"moretag\" href=\"https:\/\/biblioteca.tianat.cat\/?p=10548\">Read More&#8230;<\/a><\/p>\n","protected":false},"author":4,"featured_media":10550,"comment_status":"closed","ping_status":"closed","sticky":false,"template":"","format":"standard","meta":[],"categories":[162,78],"tags":[],"_links":{"self":[{"href":"https:\/\/biblioteca.tianat.cat\/index.php?rest_route=\/wp\/v2\/posts\/10548"}],"collection":[{"href":"https:\/\/biblioteca.tianat.cat\/index.php?rest_route=\/wp\/v2\/posts"}],"about":[{"href":"https:\/\/biblioteca.tianat.cat\/index.php?rest_route=\/wp\/v2\/types\/post"}],"author":[{"embeddable":true,"href":"https:\/\/biblioteca.tianat.cat\/index.php?rest_route=\/wp\/v2\/users\/4"}],"replies":[{"embeddable":true,"href":"https:\/\/biblioteca.tianat.cat\/index.php?rest_route=%2Fwp%2Fv2%2Fcomments&post=10548"}],"version-history":[{"count":2,"href":"https:\/\/biblioteca.tianat.cat\/index.php?rest_route=\/wp\/v2\/posts\/10548\/revisions"}],"predecessor-version":[{"id":10619,"href":"https:\/\/biblioteca.tianat.cat\/index.php?rest_route=\/wp\/v2\/posts\/10548\/revisions\/10619"}],"wp:featuredmedia":[{"embeddable":true,"href":"https:\/\/biblioteca.tianat.cat\/index.php?rest_route=\/wp\/v2\/media\/10550"}],"wp:attachment":[{"href":"https:\/\/biblioteca.tianat.cat\/index.php?rest_route=%2Fwp%2Fv2%2Fmedia&parent=10548"}],"wp:term":[{"taxonomy":"category","embeddable":true,"href":"https:\/\/biblioteca.tianat.cat\/index.php?rest_route=%2Fwp%2Fv2%2Fcategories&post=10548"},{"taxonomy":"post_tag","embeddable":true,"href":"https:\/\/biblioteca.tianat.cat\/index.php?rest_route=%2Fwp%2Fv2%2Ftags&post=10548"}],"curies":[{"name":"wp","href":"https:\/\/api.w.org\/{rel}","templated":true}]}}