{"id":10677,"date":"2024-01-27T12:30:23","date_gmt":"2024-01-27T10:30:23","guid":{"rendered":"https:\/\/biblioteca.tianat.cat\/?p=10677"},"modified":"2024-01-27T12:30:24","modified_gmt":"2024-01-27T10:30:24","slug":"dissabte-17-de-febrer-el-gall-i-la-gallina","status":"publish","type":"post","link":"https:\/\/biblioteca.tianat.cat\/?p=10677","title":{"rendered":"Dissabte 17 de febrer &#8211; El gall i la gallina"},"content":{"rendered":"\n<p>De ben segur, us sona o heu escoltat alguna vegada aquesta cantarella:<\/p>\n\n\n\n<p>El gall i la gallina<br>estaven al balc\u00f3,<br>la gallina dormia,<br>el gall li fa un pet\u00f3<strong>.<\/strong>..<\/p>\n\n\n\n<p>Doncs b\u00e9, aquest dissabte en coneixereu m\u00e9s detalls i n&#8217;aprendreu d&#8217;altres hist\u00f2ries i cantarelles sobre el gall i la gallina.<\/p>\n\n\n\n<p>A c\u00e0rrec de Fina L\u00f3pez<\/p>\n\n\n\n<p>Per a infants de <strong>0 a 3 anys<\/strong><br><strong>\u00a0<\/strong><\/p>\n","protected":false},"excerpt":{"rendered":"<p>De ben segur, us sona o heu escoltat alguna vegada aquesta cantarella: El gall i la gallinaestaven al balc\u00f3,la gallina dormia,el gall li fa un pet\u00f3&#8230; Doncs b\u00e9, aquest dissabte en coneixereu<a class=\"moretag\" href=\"https:\/\/biblioteca.tianat.cat\/?p=10677\">Read More&#8230;<\/a><\/p>\n","protected":false},"author":4,"featured_media":10678,"comment_status":"closed","ping_status":"closed","sticky":false,"template":"","format":"standard","meta":[],"categories":[162],"tags":[],"_links":{"self":[{"href":"https:\/\/biblioteca.tianat.cat\/index.php?rest_route=\/wp\/v2\/posts\/10677"}],"collection":[{"href":"https:\/\/biblioteca.tianat.cat\/index.php?rest_route=\/wp\/v2\/posts"}],"about":[{"href":"https:\/\/biblioteca.tianat.cat\/index.php?rest_route=\/wp\/v2\/types\/post"}],"author":[{"embeddable":true,"href":"https:\/\/biblioteca.tianat.cat\/index.php?rest_route=\/wp\/v2\/users\/4"}],"replies":[{"embeddable":true,"href":"https:\/\/biblioteca.tianat.cat\/index.php?rest_route=%2Fwp%2Fv2%2Fcomments&post=10677"}],"version-history":[{"count":2,"href":"https:\/\/biblioteca.tianat.cat\/index.php?rest_route=\/wp\/v2\/posts\/10677\/revisions"}],"predecessor-version":[{"id":10680,"href":"https:\/\/biblioteca.tianat.cat\/index.php?rest_route=\/wp\/v2\/posts\/10677\/revisions\/10680"}],"wp:featuredmedia":[{"embeddable":true,"href":"https:\/\/biblioteca.tianat.cat\/index.php?rest_route=\/wp\/v2\/media\/10678"}],"wp:attachment":[{"href":"https:\/\/biblioteca.tianat.cat\/index.php?rest_route=%2Fwp%2Fv2%2Fmedia&parent=10677"}],"wp:term":[{"taxonomy":"category","embeddable":true,"href":"https:\/\/biblioteca.tianat.cat\/index.php?rest_route=%2Fwp%2Fv2%2Fcategories&post=10677"},{"taxonomy":"post_tag","embeddable":true,"href":"https:\/\/biblioteca.tianat.cat\/index.php?rest_route=%2Fwp%2Fv2%2Ftags&post=10677"}],"curies":[{"name":"wp","href":"https:\/\/api.w.org\/{rel}","templated":true}]}}