{"id":10872,"date":"2024-04-19T10:00:00","date_gmt":"2024-04-19T08:00:00","guid":{"rendered":"https:\/\/biblioteca.tianat.cat\/?p=10872"},"modified":"2024-04-23T11:49:19","modified_gmt":"2024-04-23T09:49:19","slug":"dimecres-24-llegir-teatre-els-criminals","status":"publish","type":"post","link":"https:\/\/biblioteca.tianat.cat\/?p=10872","title":{"rendered":"Dimecres 24. Llegir teatre: Els criminals"},"content":{"rendered":"\n<p>El proper dimecres <strong>24 d&#8217;abril a les 19h<\/strong> arriba a la biblioteca de Can Baratau una nova sessi\u00f3 del club de lectura de teatre. <\/p>\n\n\n\n<p>Es tracta de l&#8217;obra <strong><em>Els Criminals<\/em>, de Ferdinand Bruckner<\/strong>, a c\u00e0rrec de Pilar Aznar. <\/p>\n\n\n\n<p>Sota el pseud\u00f2nim de Ferdinand Bruckner, Theodor Tagger va ser un dramaturg i director de teatre austr\u00edac capdavanter de l&#8217;avantguardisme teatral a \u00c0ustria. Es va haver d&#8217;exiliar el 1933 i va viure a Fran\u00e7a i als EUA. <\/p>\n\n\n\n<p>Es tracta d&#8217;una obra cr\u00edtica i plena d\u2019intriga que planteja temes com l&#8217;avortament, els delictes de llibertat sexual, la pena de mort o la corrupci\u00f3 i l\u2019arbitrarietat de la just\u00edcia. Tamb\u00e9 ens interpel\u00b7la sobre el grau de criminalitat que estem disposats a assumir i on s\u00f3n els l\u00edmits del que \u00e9s just i el qu\u00e8 no. <\/p>\n\n\n\n<p>En definitiva, ens trobem amb un reguitzell de personatges que comparteixen edifici que han com\u00e8s un seguit de delictes que posaran al descobert els errors de la just\u00edcia i els l\u00edmits de les administracions amb l&#8217;\u00fas i ab\u00fas del poder.<\/p>\n\n\n\n<p>Aix\u00ed doncs, si us heu quedat amb ganes de m\u00e9s, la podreu trobar aviat i fins a finals de maig al TNC en una versi\u00f3 de Jordi Prat i Coll que, despr\u00e9s d\u2019<em>Els Jocs Florals de Canprosa&nbsp;<\/em>i de&nbsp;<em>La Rambla de les floristes<\/em>, promet tornar-nos a sorprendre.<\/p>\n\n\n\n<p>Us esperem al club del teatre per comentar-ne l&#8217;obra, no hi falteu!<\/p>\n","protected":false},"excerpt":{"rendered":"<p>El proper dimecres 24 d&#8217;abril a les 19h arriba a la biblioteca de Can Baratau una nova sessi\u00f3 del club de lectura de teatre. Es tracta de l&#8217;obra Els Criminals, de Ferdinand<a class=\"moretag\" href=\"https:\/\/biblioteca.tianat.cat\/?p=10872\">Read More&#8230;<\/a><\/p>\n","protected":false},"author":13,"featured_media":0,"comment_status":"closed","ping_status":"closed","sticky":false,"template":"","format":"standard","meta":[],"categories":[78],"tags":[],"_links":{"self":[{"href":"https:\/\/biblioteca.tianat.cat\/index.php?rest_route=\/wp\/v2\/posts\/10872"}],"collection":[{"href":"https:\/\/biblioteca.tianat.cat\/index.php?rest_route=\/wp\/v2\/posts"}],"about":[{"href":"https:\/\/biblioteca.tianat.cat\/index.php?rest_route=\/wp\/v2\/types\/post"}],"author":[{"embeddable":true,"href":"https:\/\/biblioteca.tianat.cat\/index.php?rest_route=\/wp\/v2\/users\/13"}],"replies":[{"embeddable":true,"href":"https:\/\/biblioteca.tianat.cat\/index.php?rest_route=%2Fwp%2Fv2%2Fcomments&post=10872"}],"version-history":[{"count":5,"href":"https:\/\/biblioteca.tianat.cat\/index.php?rest_route=\/wp\/v2\/posts\/10872\/revisions"}],"predecessor-version":[{"id":11011,"href":"https:\/\/biblioteca.tianat.cat\/index.php?rest_route=\/wp\/v2\/posts\/10872\/revisions\/11011"}],"wp:attachment":[{"href":"https:\/\/biblioteca.tianat.cat\/index.php?rest_route=%2Fwp%2Fv2%2Fmedia&parent=10872"}],"wp:term":[{"taxonomy":"category","embeddable":true,"href":"https:\/\/biblioteca.tianat.cat\/index.php?rest_route=%2Fwp%2Fv2%2Fcategories&post=10872"},{"taxonomy":"post_tag","embeddable":true,"href":"https:\/\/biblioteca.tianat.cat\/index.php?rest_route=%2Fwp%2Fv2%2Ftags&post=10872"}],"curies":[{"name":"wp","href":"https:\/\/api.w.org\/{rel}","templated":true}]}}