{"id":11550,"date":"2024-10-04T10:26:18","date_gmt":"2024-10-04T08:26:18","guid":{"rendered":"https:\/\/biblioteca.tianat.cat\/?p=11550"},"modified":"2024-10-21T18:58:55","modified_gmt":"2024-10-21T16:58:55","slug":"presentacio-de-la-colleccio-jan-pol-detectiu","status":"publish","type":"post","link":"https:\/\/biblioteca.tianat.cat\/?p=11550","title":{"rendered":"Presentaci\u00f3 de la col\u00b7lecci\u00f3 &#8220;Jan Pol, detectiu&#8221;"},"content":{"rendered":"\n<p>Divendres 18 d&#8217;octubre a les 19 h. Aquest divendres no presentarem un llibre, no, farem una presentaci\u00f3 diferent, presentarem una col\u00b7lecci\u00f3 de llibres per a infants a partir de 6 anys: Jan Pol, detectiu.<\/p>\n\n\n\n<p>El protagonista, en Jan Pol vol ser detectiu i est\u00e0 conven\u00e7ut que t\u00e9 tot el que li per convertir-s&#8217;hi. Ell segueix les pistes, les anota al seu bloc. Per\u00f2, ser\u00e0 prou valent per arribar fins al final dels casos que se li presenten? Ser\u00e0 capa\u00e7 de resoldre&#8217;ls? <\/p>\n\n\n\n<p>Els t\u00edtols que formen part de la col\u00b7lecci\u00f3 &#8220;Jan Pol, detectiu&#8221;, s\u00f3n:<\/p>\n\n\n\n<p><em>En Jan Pol i els enigmes<\/em>, <em>En Jan Pol segueix les pistes<\/em> i <em>En Jan Pol t\u00e9 un cas<\/em>.<\/p>\n\n\n\n<p>La presentaci\u00f3 ser\u00e0 a c\u00e0rrec dels autors: Marta Jarque i Daniel Jim\u00e9nez<\/p>\n\n\n\n<p>Recomanat per a infants a partir de <strong>6 anys<\/strong><\/p>\n","protected":false},"excerpt":{"rendered":"<p>Divendres 18 d&#8217;octubre a les 19 h. Aquest divendres no presentarem un llibre, no, farem una presentaci\u00f3 diferent, presentarem una col\u00b7lecci\u00f3 de llibres per a infants a partir de 6 anys: Jan<a class=\"moretag\" href=\"https:\/\/biblioteca.tianat.cat\/?p=11550\">Read More&#8230;<\/a><\/p>\n","protected":false},"author":4,"featured_media":11560,"comment_status":"closed","ping_status":"closed","sticky":false,"template":"","format":"standard","meta":[],"categories":[9,160],"tags":[],"_links":{"self":[{"href":"https:\/\/biblioteca.tianat.cat\/index.php?rest_route=\/wp\/v2\/posts\/11550"}],"collection":[{"href":"https:\/\/biblioteca.tianat.cat\/index.php?rest_route=\/wp\/v2\/posts"}],"about":[{"href":"https:\/\/biblioteca.tianat.cat\/index.php?rest_route=\/wp\/v2\/types\/post"}],"author":[{"embeddable":true,"href":"https:\/\/biblioteca.tianat.cat\/index.php?rest_route=\/wp\/v2\/users\/4"}],"replies":[{"embeddable":true,"href":"https:\/\/biblioteca.tianat.cat\/index.php?rest_route=%2Fwp%2Fv2%2Fcomments&post=11550"}],"version-history":[{"count":5,"href":"https:\/\/biblioteca.tianat.cat\/index.php?rest_route=\/wp\/v2\/posts\/11550\/revisions"}],"predecessor-version":[{"id":11561,"href":"https:\/\/biblioteca.tianat.cat\/index.php?rest_route=\/wp\/v2\/posts\/11550\/revisions\/11561"}],"wp:featuredmedia":[{"embeddable":true,"href":"https:\/\/biblioteca.tianat.cat\/index.php?rest_route=\/wp\/v2\/media\/11560"}],"wp:attachment":[{"href":"https:\/\/biblioteca.tianat.cat\/index.php?rest_route=%2Fwp%2Fv2%2Fmedia&parent=11550"}],"wp:term":[{"taxonomy":"category","embeddable":true,"href":"https:\/\/biblioteca.tianat.cat\/index.php?rest_route=%2Fwp%2Fv2%2Fcategories&post=11550"},{"taxonomy":"post_tag","embeddable":true,"href":"https:\/\/biblioteca.tianat.cat\/index.php?rest_route=%2Fwp%2Fv2%2Ftags&post=11550"}],"curies":[{"name":"wp","href":"https:\/\/api.w.org\/{rel}","templated":true}]}}