{"id":11649,"date":"2024-10-05T11:22:51","date_gmt":"2024-10-05T09:22:51","guid":{"rendered":"https:\/\/biblioteca.tianat.cat\/?p=11649"},"modified":"2024-10-05T11:22:52","modified_gmt":"2024-10-05T09:22:52","slug":"la-poesia-amb-nom-de-dona","status":"publish","type":"post","link":"https:\/\/biblioteca.tianat.cat\/?p=11649","title":{"rendered":"La poesia amb nom de dona"},"content":{"rendered":"\n<p>Iniciem el mes de mar\u00e7 amb el Dia Internacional de la Dona i gaireb\u00e9 l&#8217;acabem amb el Dia Mundial de la Poesia, el 21 de mar\u00e7. Per aix\u00f2, aquest mes de mar\u00e7 us volem oferir una petita tria i selecci\u00f3, amb noms i cognoms, de dones poetes, que no nom\u00e9s van deixar vessar les seves idees i paraules sobre el paper, sin\u00f3 que tamb\u00e9 van escriure el seu nom a sota, sense usar cap alter ego mascul\u00ed.<\/p>\n\n\n\n<p><a href=\"https:\/\/bibliotecavirtual.diba.cat\/detall-guia\/-\/detall\/7D2o\/GUIA_LECTURA\/10934\/386533256\">Poesia amb nom de dona<\/a><\/p>\n","protected":false},"excerpt":{"rendered":"<p>Iniciem el mes de mar\u00e7 amb el Dia Internacional de la Dona i gaireb\u00e9 l&#8217;acabem amb el Dia Mundial de la Poesia, el 21 de mar\u00e7. Per aix\u00f2, aquest mes de mar\u00e7<a class=\"moretag\" href=\"https:\/\/biblioteca.tianat.cat\/?p=11649\">Read More&#8230;<\/a><\/p>\n","protected":false},"author":4,"featured_media":11650,"comment_status":"closed","ping_status":"closed","sticky":false,"template":"","format":"standard","meta":[],"categories":[145],"tags":[],"_links":{"self":[{"href":"https:\/\/biblioteca.tianat.cat\/index.php?rest_route=\/wp\/v2\/posts\/11649"}],"collection":[{"href":"https:\/\/biblioteca.tianat.cat\/index.php?rest_route=\/wp\/v2\/posts"}],"about":[{"href":"https:\/\/biblioteca.tianat.cat\/index.php?rest_route=\/wp\/v2\/types\/post"}],"author":[{"embeddable":true,"href":"https:\/\/biblioteca.tianat.cat\/index.php?rest_route=\/wp\/v2\/users\/4"}],"replies":[{"embeddable":true,"href":"https:\/\/biblioteca.tianat.cat\/index.php?rest_route=%2Fwp%2Fv2%2Fcomments&post=11649"}],"version-history":[{"count":1,"href":"https:\/\/biblioteca.tianat.cat\/index.php?rest_route=\/wp\/v2\/posts\/11649\/revisions"}],"predecessor-version":[{"id":11651,"href":"https:\/\/biblioteca.tianat.cat\/index.php?rest_route=\/wp\/v2\/posts\/11649\/revisions\/11651"}],"wp:featuredmedia":[{"embeddable":true,"href":"https:\/\/biblioteca.tianat.cat\/index.php?rest_route=\/wp\/v2\/media\/11650"}],"wp:attachment":[{"href":"https:\/\/biblioteca.tianat.cat\/index.php?rest_route=%2Fwp%2Fv2%2Fmedia&parent=11649"}],"wp:term":[{"taxonomy":"category","embeddable":true,"href":"https:\/\/biblioteca.tianat.cat\/index.php?rest_route=%2Fwp%2Fv2%2Fcategories&post=11649"},{"taxonomy":"post_tag","embeddable":true,"href":"https:\/\/biblioteca.tianat.cat\/index.php?rest_route=%2Fwp%2Fv2%2Ftags&post=11649"}],"curies":[{"name":"wp","href":"https:\/\/api.w.org\/{rel}","templated":true}]}}