{"id":11751,"date":"2024-11-23T13:05:46","date_gmt":"2024-11-23T11:05:46","guid":{"rendered":"https:\/\/biblioteca.tianat.cat\/?p=11751"},"modified":"2024-11-23T13:05:46","modified_gmt":"2024-11-23T11:05:46","slug":"club-du-livre-accident-nocturne-de-patrick-modiano","status":"publish","type":"post","link":"https:\/\/biblioteca.tianat.cat\/?p=11751","title":{"rendered":"Club du livre: Accident nocturne, de Patrick Modiano"},"content":{"rendered":"\n<p>Dijous 12 de desembre a les 19 h.  Acabem l&#8217;any amb una nova sessi\u00f3 del club de lectura en franc\u00e8s, condu\u00eft per Enriqueta de la Fuente. Aquest mes de desembre comentarem el llibre de Patrick Modiano, <em>Accident nocturne.<\/em><\/p>\n\n\n\n<p>A la novel\u00b7la que aquest dijous comentem: <em>Accident nocturne<\/em>, trobem els temes que solen ocupar en l&#8217;obra de Patrick Modiano: la mem\u00f2ria, la cerca de la identitat pr\u00f2pia, les trobades amb determinades (i determinants) persones i l\u2019obsessi\u00f3 nietzschiana de l\u2019etern retorn.<\/p>\n\n\n\n<p>El llibre s&#8217;inicia amb un jove atropellat al centre de Paris per un Fiat verd. La policia pren declaraci\u00f3 als implicats i despr\u00e9s envien el jove a una cl\u00ednica perqu\u00e8 li curin la cama. Mentre est\u00e0 convalescent, aquest accident li porta el record d\u2019un altre accident que va viure durant la seva inf\u00e0ncia i no aconsegueix treure\u2019s del cap la dona que l\u2019ha atropellat. Quan surt de la cl\u00ednica decideix emprendre la recerca de la conductora sobre la qual t\u00e9 algunes pistes: un nom, Jaqueline Beausergent, i una direcci\u00f3, glorieta d\u2019Alboni.<\/p>\n\n\n\n<p>L&#8217;autor, Patrick Modiano \u00e9s considerat com un dels millors escriptors francesos, ha rebut el Premi Goncourt pel seu llibre <em>Carrer de les botigues fosques<\/em> i el Premi de la Fundaci\u00f3 Pierre de M\u00f2naco pel conjunt de la seva obra. L&#8217;any 2014 va guanyar el Premi Nobel de Literatura, fet que l&#8217;ha consolidat com un dels grans escriptors francesos de la segona meitat del segle XX. Tamb\u00e9, \u00e9s a destacar que algunes de les seves novel\u00b7les s&#8217;han portat al cinema, aix\u00ed com ha participat en el gui\u00f3 d&#8217;algunes pel\u00b7l\u00edcules com: Lacombe Lucien, de Louis Malle.<\/p>\n\n\n\n<p><\/p>\n","protected":false},"excerpt":{"rendered":"<p>Dijous 12 de desembre a les 19 h. Acabem l&#8217;any amb una nova sessi\u00f3 del club de lectura en franc\u00e8s, condu\u00eft per Enriqueta de la Fuente. Aquest mes de desembre comentarem el<a class=\"moretag\" href=\"https:\/\/biblioteca.tianat.cat\/?p=11751\">Read More&#8230;<\/a><\/p>\n","protected":false},"author":4,"featured_media":11755,"comment_status":"closed","ping_status":"closed","sticky":false,"template":"","format":"standard","meta":[],"categories":[142],"tags":[],"_links":{"self":[{"href":"https:\/\/biblioteca.tianat.cat\/index.php?rest_route=\/wp\/v2\/posts\/11751"}],"collection":[{"href":"https:\/\/biblioteca.tianat.cat\/index.php?rest_route=\/wp\/v2\/posts"}],"about":[{"href":"https:\/\/biblioteca.tianat.cat\/index.php?rest_route=\/wp\/v2\/types\/post"}],"author":[{"embeddable":true,"href":"https:\/\/biblioteca.tianat.cat\/index.php?rest_route=\/wp\/v2\/users\/4"}],"replies":[{"embeddable":true,"href":"https:\/\/biblioteca.tianat.cat\/index.php?rest_route=%2Fwp%2Fv2%2Fcomments&post=11751"}],"version-history":[{"count":2,"href":"https:\/\/biblioteca.tianat.cat\/index.php?rest_route=\/wp\/v2\/posts\/11751\/revisions"}],"predecessor-version":[{"id":11756,"href":"https:\/\/biblioteca.tianat.cat\/index.php?rest_route=\/wp\/v2\/posts\/11751\/revisions\/11756"}],"wp:featuredmedia":[{"embeddable":true,"href":"https:\/\/biblioteca.tianat.cat\/index.php?rest_route=\/wp\/v2\/media\/11755"}],"wp:attachment":[{"href":"https:\/\/biblioteca.tianat.cat\/index.php?rest_route=%2Fwp%2Fv2%2Fmedia&parent=11751"}],"wp:term":[{"taxonomy":"category","embeddable":true,"href":"https:\/\/biblioteca.tianat.cat\/index.php?rest_route=%2Fwp%2Fv2%2Fcategories&post=11751"},{"taxonomy":"post_tag","embeddable":true,"href":"https:\/\/biblioteca.tianat.cat\/index.php?rest_route=%2Fwp%2Fv2%2Ftags&post=11751"}],"curies":[{"name":"wp","href":"https:\/\/api.w.org\/{rel}","templated":true}]}}