{"id":11902,"date":"2025-02-22T12:41:34","date_gmt":"2025-02-22T10:41:34","guid":{"rendered":"https:\/\/biblioteca.tianat.cat\/?p=11902"},"modified":"2025-02-22T12:41:35","modified_gmt":"2025-02-22T10:41:35","slug":"lhora-menuda-bestioletes","status":"publish","type":"post","link":"https:\/\/biblioteca.tianat.cat\/?p=11902","title":{"rendered":"L&#8217;hora menuda: Bestioletes"},"content":{"rendered":"\n<p>Dissabte 15 de mar\u00e7 a les 11 h. Aquest segon dissabte del mes de mar\u00e7 tenim una nova sessi\u00f3 de contes per a fam\u00edlies amb infants de 0 a 3 anys, l&#8217;hora menuda. <\/p>\n\n\n\n<p>En aquesta sessi\u00f3 coneixerem formigues, \u00e0guiles i altres petits animalons, tot cantant i escoltant diferents textos de Josep Vallverd\u00fa. <\/p>\n\n\n\n<p>D&#8217;un bagul aniran sortint totes les b\u00e8sties que guarda l&#8217;autor Josep Vallverd\u00fa. De cada animal, escoltarem algun dels versos que ha escrit l&#8217;autor i tamb\u00e9 gaudirem i escoltarem algunes moixaines i can\u00e7ons tradicionals catalanes. <\/p>\n\n\n\n<p>A c\u00e0rrec de Gisela Llimona<\/p>\n\n\n\n<p>Per a fam\u00edlies amb infants de <strong>0 a 3 anys<\/strong><\/p>\n","protected":false},"excerpt":{"rendered":"<p>Dissabte 15 de mar\u00e7 a les 11 h. Aquest segon dissabte del mes de mar\u00e7 tenim una nova sessi\u00f3 de contes per a fam\u00edlies amb infants de 0 a 3 anys, l&#8217;hora<a class=\"moretag\" href=\"https:\/\/biblioteca.tianat.cat\/?p=11902\">Read More&#8230;<\/a><\/p>\n","protected":false},"author":4,"featured_media":11903,"comment_status":"closed","ping_status":"closed","sticky":false,"template":"","format":"standard","meta":[],"categories":[9,162,78],"tags":[],"_links":{"self":[{"href":"https:\/\/biblioteca.tianat.cat\/index.php?rest_route=\/wp\/v2\/posts\/11902"}],"collection":[{"href":"https:\/\/biblioteca.tianat.cat\/index.php?rest_route=\/wp\/v2\/posts"}],"about":[{"href":"https:\/\/biblioteca.tianat.cat\/index.php?rest_route=\/wp\/v2\/types\/post"}],"author":[{"embeddable":true,"href":"https:\/\/biblioteca.tianat.cat\/index.php?rest_route=\/wp\/v2\/users\/4"}],"replies":[{"embeddable":true,"href":"https:\/\/biblioteca.tianat.cat\/index.php?rest_route=%2Fwp%2Fv2%2Fcomments&post=11902"}],"version-history":[{"count":1,"href":"https:\/\/biblioteca.tianat.cat\/index.php?rest_route=\/wp\/v2\/posts\/11902\/revisions"}],"predecessor-version":[{"id":11904,"href":"https:\/\/biblioteca.tianat.cat\/index.php?rest_route=\/wp\/v2\/posts\/11902\/revisions\/11904"}],"wp:featuredmedia":[{"embeddable":true,"href":"https:\/\/biblioteca.tianat.cat\/index.php?rest_route=\/wp\/v2\/media\/11903"}],"wp:attachment":[{"href":"https:\/\/biblioteca.tianat.cat\/index.php?rest_route=%2Fwp%2Fv2%2Fmedia&parent=11902"}],"wp:term":[{"taxonomy":"category","embeddable":true,"href":"https:\/\/biblioteca.tianat.cat\/index.php?rest_route=%2Fwp%2Fv2%2Fcategories&post=11902"},{"taxonomy":"post_tag","embeddable":true,"href":"https:\/\/biblioteca.tianat.cat\/index.php?rest_route=%2Fwp%2Fv2%2Ftags&post=11902"}],"curies":[{"name":"wp","href":"https:\/\/api.w.org\/{rel}","templated":true}]}}