{"id":12168,"date":"2025-10-28T12:55:49","date_gmt":"2025-10-28T10:55:49","guid":{"rendered":"https:\/\/biblioteca.tianat.cat\/?p=12168"},"modified":"2025-10-28T12:55:50","modified_gmt":"2025-10-28T10:55:50","slug":"hora-del-conte-bruixes-i-bruixots","status":"publish","type":"post","link":"https:\/\/biblioteca.tianat.cat\/?p=12168","title":{"rendered":"Hora del conte: Bruixes i bruixots"},"content":{"rendered":"\n<p>Dijous 20 de novembre a les 18 h. Un dijous m\u00e9s, tenim sessi\u00f3 de contes a la Biblioteca. Aquest dijous ens explicar\u00e0 contes n&#8217;Assumpta Mercader.<\/p>\n\n\n\n<p>Les bruixes i els bruixots\u00a0 saben fer m\u00e0gia, encanteris i pocions. S\u00f3n protagonistes de contes fant\u00e0stics on hi passen les coses m\u00e9s inversemblants. Coneixerem una bruixa que viu en una casa on tot \u00e9s negre, fins i tot el seu gat. Sabrem la hist\u00f2ria d\u2019una noia enamorada que demana a un bruixot que l\u2019ajudi. I descobrirem una llegenda catalana que parla de bruixes c capaces d\u2019anar i tornar\u00a0 en barca d\u2019Am\u00e8rica en un parell d\u2019hores!<\/p>\n\n\n\n<p>A c\u00e0rrec d<strong>&#8216;Assumpta Mercader<\/strong><\/p>\n\n\n\n<p>Per a infants a partir de <strong>4 anys<\/strong><\/p>\n","protected":false},"excerpt":{"rendered":"<p>Dijous 20 de novembre a les 18 h. Un dijous m\u00e9s, tenim sessi\u00f3 de contes a la Biblioteca. Aquest dijous ens explicar\u00e0 contes n&#8217;Assumpta Mercader. Les bruixes i els bruixots\u00a0 saben fer<a class=\"moretag\" href=\"https:\/\/biblioteca.tianat.cat\/?p=12168\">Read More&#8230;<\/a><\/p>\n","protected":false},"author":4,"featured_media":12170,"comment_status":"closed","ping_status":"closed","sticky":false,"template":"","format":"standard","meta":[],"categories":[9,161,78],"tags":[],"_links":{"self":[{"href":"https:\/\/biblioteca.tianat.cat\/index.php?rest_route=\/wp\/v2\/posts\/12168"}],"collection":[{"href":"https:\/\/biblioteca.tianat.cat\/index.php?rest_route=\/wp\/v2\/posts"}],"about":[{"href":"https:\/\/biblioteca.tianat.cat\/index.php?rest_route=\/wp\/v2\/types\/post"}],"author":[{"embeddable":true,"href":"https:\/\/biblioteca.tianat.cat\/index.php?rest_route=\/wp\/v2\/users\/4"}],"replies":[{"embeddable":true,"href":"https:\/\/biblioteca.tianat.cat\/index.php?rest_route=%2Fwp%2Fv2%2Fcomments&post=12168"}],"version-history":[{"count":3,"href":"https:\/\/biblioteca.tianat.cat\/index.php?rest_route=\/wp\/v2\/posts\/12168\/revisions"}],"predecessor-version":[{"id":12172,"href":"https:\/\/biblioteca.tianat.cat\/index.php?rest_route=\/wp\/v2\/posts\/12168\/revisions\/12172"}],"wp:featuredmedia":[{"embeddable":true,"href":"https:\/\/biblioteca.tianat.cat\/index.php?rest_route=\/wp\/v2\/media\/12170"}],"wp:attachment":[{"href":"https:\/\/biblioteca.tianat.cat\/index.php?rest_route=%2Fwp%2Fv2%2Fmedia&parent=12168"}],"wp:term":[{"taxonomy":"category","embeddable":true,"href":"https:\/\/biblioteca.tianat.cat\/index.php?rest_route=%2Fwp%2Fv2%2Fcategories&post=12168"},{"taxonomy":"post_tag","embeddable":true,"href":"https:\/\/biblioteca.tianat.cat\/index.php?rest_route=%2Fwp%2Fv2%2Ftags&post=12168"}],"curies":[{"name":"wp","href":"https:\/\/api.w.org\/{rel}","templated":true}]}}