{"id":12643,"date":"2026-09-04T18:45:52","date_gmt":"2026-09-04T16:45:52","guid":{"rendered":"https:\/\/biblioteca.tianat.cat\/?p=12643"},"modified":"2026-09-04T18:45:53","modified_gmt":"2026-09-04T16:45:53","slug":"club-de-lectura-amb-lautor","status":"publish","type":"post","link":"https:\/\/biblioteca.tianat.cat\/?p=12643","title":{"rendered":"Club de lectura amb l&#8217;autor"},"content":{"rendered":"\n<p>Divendres 25 de setembre a les 19 h.  La Biblioteca acollir\u00e0 una nova trobada del Club de lectura, per\u00f2 que en aquesta ocasi\u00f3 comptar\u00e0 amb la pres\u00e8ncia de l&#8217;escriptor Toni Punt\u00ed, autor de <em>Confeti, <\/em>una de les obres m\u00e9s destacades de la seva traject\u00f2ria.<\/p>\n\n\n\n<p>La trobada oferir\u00e0 als participants l\u2019oportunitat de conversar directament amb l\u2019autor i compartir amb ell les impressions, reflexions i preguntes que els hagi despertat la lectura de la novel\u00b7la. Un espai de di\u00e0leg al voltant de <em>Confeti<\/em> que permetr\u00e0 aprofundir en l\u2019obra, con\u00e8ixer de primera m\u00e0 el proc\u00e9s creatiu de l\u2019escriptor i descobrir alguns dels aspectes que hi ha darrere de la seva escriptura.<\/p>\n\n\n\n<p>La sessi\u00f3 ser\u00e0 presentada i moderada per<strong> <\/strong>Laura<strong> <\/strong>Garcia, que conduir\u00e0 la conversa amb Jordi Punt\u00ed i donar\u00e0 veu als lectors del Club de Lectura perqu\u00e8 puguin participar activament en la trobada.<\/p>\n\n\n\n<p><em>Confeti<\/em> parteix de la figura de Xavier Cugat i del m\u00f3n de la m\u00fasica i l\u2019espectacle per construir una novel\u00b7la que recorre diferents \u00e8poques i escenaris. A trav\u00e9s de la mem\u00f2ria, la m\u00fasica, la cultura popular i la reconstrucci\u00f3 d&#8217;una vida extraordin\u00e0ria, Jordi Punt\u00ed proposa una obra que convida a parlar i a compartir diferents lectures i interpretacions.<\/p>\n\n\n\n<p>La pres\u00e8ncia de l\u2019autor convertir\u00e0 aquesta sessi\u00f3 en una ocasi\u00f3 especialment enriquidora per als membres del Club de Lectura, que podran posar en com\u00fa les seves impressions i, alhora, con\u00e8ixer millor l\u2019univers literari de Jordi Punt\u00ed.<\/p>\n\n\n\n<p>L\u2019activitat tindr\u00e0 lloc el 25 de setembre i est\u00e0 subvencionada<strong> <\/strong>pel Departament de<strong> <\/strong>Cultura de la Generalitat de Cataluynya, en el marc del suport a les activitats de foment de la lectura i de dinamitzaci\u00f3 cultural.<\/p>\n\n\n\n<p>Des de la biblioteca us animem a participar en aquesta trobada i a gaudir d\u2019una conversa al voltant de la literatura amb un dels autors m\u00e9s reconeguts de la narrativa catalana contempor\u00e0nia.<\/p>\n","protected":false},"excerpt":{"rendered":"<p>Divendres 25 de setembre a les 19 h. La Biblioteca acollir\u00e0 una nova trobada del Club de lectura, per\u00f2 que en aquesta ocasi\u00f3 comptar\u00e0 amb la pres\u00e8ncia de l&#8217;escriptor Toni Punt\u00ed, autor<a class=\"moretag\" href=\"https:\/\/biblioteca.tianat.cat\/?p=12643\">Read More&#8230;<\/a><\/p>\n","protected":false},"author":4,"featured_media":12644,"comment_status":"closed","ping_status":"closed","sticky":false,"template":"","format":"standard","meta":[],"categories":[9,78],"tags":[],"_links":{"self":[{"href":"https:\/\/biblioteca.tianat.cat\/index.php?rest_route=\/wp\/v2\/posts\/12643"}],"collection":[{"href":"https:\/\/biblioteca.tianat.cat\/index.php?rest_route=\/wp\/v2\/posts"}],"about":[{"href":"https:\/\/biblioteca.tianat.cat\/index.php?rest_route=\/wp\/v2\/types\/post"}],"author":[{"embeddable":true,"href":"https:\/\/biblioteca.tianat.cat\/index.php?rest_route=\/wp\/v2\/users\/4"}],"replies":[{"embeddable":true,"href":"https:\/\/biblioteca.tianat.cat\/index.php?rest_route=%2Fwp%2Fv2%2Fcomments&post=12643"}],"version-history":[{"count":1,"href":"https:\/\/biblioteca.tianat.cat\/index.php?rest_route=\/wp\/v2\/posts\/12643\/revisions"}],"predecessor-version":[{"id":12645,"href":"https:\/\/biblioteca.tianat.cat\/index.php?rest_route=\/wp\/v2\/posts\/12643\/revisions\/12645"}],"wp:featuredmedia":[{"embeddable":true,"href":"https:\/\/biblioteca.tianat.cat\/index.php?rest_route=\/wp\/v2\/media\/12644"}],"wp:attachment":[{"href":"https:\/\/biblioteca.tianat.cat\/index.php?rest_route=%2Fwp%2Fv2%2Fmedia&parent=12643"}],"wp:term":[{"taxonomy":"category","embeddable":true,"href":"https:\/\/biblioteca.tianat.cat\/index.php?rest_route=%2Fwp%2Fv2%2Fcategories&post=12643"},{"taxonomy":"post_tag","embeddable":true,"href":"https:\/\/biblioteca.tianat.cat\/index.php?rest_route=%2Fwp%2Fv2%2Ftags&post=12643"}],"curies":[{"name":"wp","href":"https:\/\/api.w.org\/{rel}","templated":true}]}}