{"id":12646,"date":"2026-09-04T18:55:51","date_gmt":"2026-09-04T16:55:51","guid":{"rendered":"https:\/\/biblioteca.tianat.cat\/?p=12646"},"modified":"2026-09-04T18:55:52","modified_gmt":"2026-09-04T16:55:52","slug":"xerrada-africa-com-a-relat-postcolonial","status":"publish","type":"post","link":"https:\/\/biblioteca.tianat.cat\/?p=12646","title":{"rendered":"Xerrada: \u00c0frica com a relat postcolonial"},"content":{"rendered":"\n<p>Dijous 24 de setembre a les 19 h.  Acabem el mes de setembre amb una activitat dedicada a la literatura i a la reflexi\u00f3 al voltant de la representaci\u00f3 del continent afric\u00e0. Sota el t\u00edtol: \u00c0frica com a relat en la literatura postcolonial, a c\u00e0rrec de Laura Patricio.<\/p>\n\n\n\n<p>La xerrada proposar\u00e0 un recorregut per diferents obres i autors de la literatura postcolonial per reflexionar sobre com s&#8217;ha explicat i representat \u00c0frica a trav\u00e9s de la literatura i sobre la import\u00e0ncia de donar veu a les perspectives pr\u00f2pies del continent.<\/p>\n\n\n\n<p>Al llarg de la sessi\u00f3, Laura Patricio ens apropar\u00e0 a diferents textos i mirades que permetran descobrir com la literatura pot q\u00fcestionar els relats constru\u00efts des de la perspectiva colonial i contribuir a generar noves maneres d\u2019entendre la hist\u00f2ria, la identitat i la realitat africanes.<\/p>\n\n\n\n<p>La literatura postcolonial ofereix, en aquest sentit, una eina especialment interessant per revisar els imaginaris que sovint s\u2019han constru\u00eft al voltant d\u2019\u00c0frica i per con\u00e8ixer veus, experi\u00e8ncies i realitats diverses que han quedat tradicionalment al marge dels grans relats occidentals. La xerrada ser\u00e0 una oportunitat per acostar-nos a aquestes literatures i descobrir autors i obres que han contribu\u00eft a transformar la manera d\u2019explicar el continent.<\/p>\n\n\n\n<p>Amb aquesta activitat, la biblioteca vol continuar oferint espais de coneixement, pensament  i debat al voltant de la literatura i la cultura, apropant als lectors propostes que permetin descobrir noves perspectives i ampliar la mirada.<\/p>\n","protected":false},"excerpt":{"rendered":"<p>Dijous 24 de setembre a les 19 h. Acabem el mes de setembre amb una activitat dedicada a la literatura i a la reflexi\u00f3 al voltant de la representaci\u00f3 del continent afric\u00e0.<a class=\"moretag\" href=\"https:\/\/biblioteca.tianat.cat\/?p=12646\">Read More&#8230;<\/a><\/p>\n","protected":false},"author":4,"featured_media":12647,"comment_status":"closed","ping_status":"closed","sticky":false,"template":"","format":"standard","meta":[],"categories":[9,78],"tags":[],"_links":{"self":[{"href":"https:\/\/biblioteca.tianat.cat\/index.php?rest_route=\/wp\/v2\/posts\/12646"}],"collection":[{"href":"https:\/\/biblioteca.tianat.cat\/index.php?rest_route=\/wp\/v2\/posts"}],"about":[{"href":"https:\/\/biblioteca.tianat.cat\/index.php?rest_route=\/wp\/v2\/types\/post"}],"author":[{"embeddable":true,"href":"https:\/\/biblioteca.tianat.cat\/index.php?rest_route=\/wp\/v2\/users\/4"}],"replies":[{"embeddable":true,"href":"https:\/\/biblioteca.tianat.cat\/index.php?rest_route=%2Fwp%2Fv2%2Fcomments&post=12646"}],"version-history":[{"count":1,"href":"https:\/\/biblioteca.tianat.cat\/index.php?rest_route=\/wp\/v2\/posts\/12646\/revisions"}],"predecessor-version":[{"id":12648,"href":"https:\/\/biblioteca.tianat.cat\/index.php?rest_route=\/wp\/v2\/posts\/12646\/revisions\/12648"}],"wp:featuredmedia":[{"embeddable":true,"href":"https:\/\/biblioteca.tianat.cat\/index.php?rest_route=\/wp\/v2\/media\/12647"}],"wp:attachment":[{"href":"https:\/\/biblioteca.tianat.cat\/index.php?rest_route=%2Fwp%2Fv2%2Fmedia&parent=12646"}],"wp:term":[{"taxonomy":"category","embeddable":true,"href":"https:\/\/biblioteca.tianat.cat\/index.php?rest_route=%2Fwp%2Fv2%2Fcategories&post=12646"},{"taxonomy":"post_tag","embeddable":true,"href":"https:\/\/biblioteca.tianat.cat\/index.php?rest_route=%2Fwp%2Fv2%2Ftags&post=12646"}],"curies":[{"name":"wp","href":"https:\/\/api.w.org\/{rel}","templated":true}]}}