{"id":1533,"date":"2014-02-27T16:31:00","date_gmt":"2014-02-27T14:31:00","guid":{"rendered":"https:\/\/biblioteca.tianat.cat\/?p=1533"},"modified":"2015-06-18T11:56:58","modified_gmt":"2015-06-18T09:56:58","slug":"28-de-marc-graham-greene","status":"publish","type":"post","link":"https:\/\/biblioteca.tianat.cat\/?p=1533","title":{"rendered":"28 de mar\u00e7  &#8211;  Graham Greene"},"content":{"rendered":"<p><a href=\"https:\/\/biblioteca.tianat.cat\/wp-content\/uploads\/2014\/02\/Graham-Greene-1.jpg\" imageanchor=\"1\" style=\"clear: right; float: right; margin-bottom: 1em; margin-left: 1em;\"><img decoding=\"async\" loading=\"lazy\" border=\"0\" src=\"https:\/\/biblioteca.tianat.cat\/wp-content\/uploads\/2014\/02\/Graham-Greene-1.jpg\" height=\"192\" width=\"320\" \/><\/a><\/p>\n<div style=\"text-align: justify;\">\n28 de mar\u00e7; ja \u00e9s primavera.<\/div>\n<p><\/p>\n<div style=\"text-align: justify;\">\nLa primavera ens porta el verd (green, en angl\u00e8s), i el <a href=\"http:\/\/clubcanbaratau.blogspot.com.es\/\" target=\"_blank\">Club de Lectura<\/a> us porta el Greene (escriptor angl\u00e8s).<\/div>\n<div style=\"text-align: justify;\">\n<\/div>\n<div style=\"text-align: justify;\">\nProbablement no us haur\u00e0 fet una especial gr\u00e0cia l&#8217;intent d&#8217;acudit. Aleshores, us suggerim com ant\u00eddot que us immergiu en la novel\u00b7la d&#8217;aquest mes <i style=\"text-decoration: underline;\"><a href=\"http:\/\/goo.gl\/ya4mx5\" target=\"_blank\">L&#8217;americ\u00e0 tranquil (The Quiet American)<\/a><\/i>. No \u00e9s la seva obra m\u00e9s coneguda, per\u00f2 \u00e9s una prova contundent del gran mestratge literari d&#8217;en Graham Greene, aquest brit\u00e0nic complicat i at\u00edpic, cara i creu de la seva pr\u00f2pia moneda personal.<\/div>\n<div style=\"text-align: justify;\">\nA Can Baratau us podem prove\u00efr d&#8217;un exemplar del llibre. Aprofiteu-ho.<\/div>\n<div style=\"text-align: justify;\">\nA la&nbsp;<a href=\"https:\/\/db.tt\/EsRT9qUe\" target=\"_blank\">Guia de lectura<\/a>&nbsp;, aquest mes, hem reprodu\u00eft un excel\u00b7lent article biogr\u00e0fic que Manuel Vicent va escriure fa uns anys sobre Greene.<\/div>\n<div style=\"text-align: justify;\">\nUs esperem a les 7 del vespre del darrer divendres del mes, si us ve de gust.<\/div>\n","protected":false},"excerpt":{"rendered":"<p>28 de mar\u00e7; ja \u00e9s primavera. La primavera ens porta el verd (green, en angl\u00e8s), i el Club de Lectura us porta el Greene (escriptor angl\u00e8s). Probablement no us haur\u00e0 fet una<a class=\"moretag\" href=\"https:\/\/biblioteca.tianat.cat\/?p=1533\">Read More&#8230;<\/a><\/p>\n","protected":false},"author":1,"featured_media":1591,"comment_status":"open","ping_status":"closed","sticky":false,"template":"","format":"standard","meta":[],"categories":[75],"tags":[63,92],"_links":{"self":[{"href":"https:\/\/biblioteca.tianat.cat\/index.php?rest_route=\/wp\/v2\/posts\/1533"}],"collection":[{"href":"https:\/\/biblioteca.tianat.cat\/index.php?rest_route=\/wp\/v2\/posts"}],"about":[{"href":"https:\/\/biblioteca.tianat.cat\/index.php?rest_route=\/wp\/v2\/types\/post"}],"author":[{"embeddable":true,"href":"https:\/\/biblioteca.tianat.cat\/index.php?rest_route=\/wp\/v2\/users\/1"}],"replies":[{"embeddable":true,"href":"https:\/\/biblioteca.tianat.cat\/index.php?rest_route=%2Fwp%2Fv2%2Fcomments&post=1533"}],"version-history":[{"count":1,"href":"https:\/\/biblioteca.tianat.cat\/index.php?rest_route=\/wp\/v2\/posts\/1533\/revisions"}],"predecessor-version":[{"id":1592,"href":"https:\/\/biblioteca.tianat.cat\/index.php?rest_route=\/wp\/v2\/posts\/1533\/revisions\/1592"}],"wp:featuredmedia":[{"embeddable":true,"href":"https:\/\/biblioteca.tianat.cat\/index.php?rest_route=\/wp\/v2\/media\/1591"}],"wp:attachment":[{"href":"https:\/\/biblioteca.tianat.cat\/index.php?rest_route=%2Fwp%2Fv2%2Fmedia&parent=1533"}],"wp:term":[{"taxonomy":"category","embeddable":true,"href":"https:\/\/biblioteca.tianat.cat\/index.php?rest_route=%2Fwp%2Fv2%2Fcategories&post=1533"},{"taxonomy":"post_tag","embeddable":true,"href":"https:\/\/biblioteca.tianat.cat\/index.php?rest_route=%2Fwp%2Fv2%2Ftags&post=1533"}],"curies":[{"name":"wp","href":"https:\/\/api.w.org\/{rel}","templated":true}]}}