{"id":156,"date":"2014-04-25T15:18:00","date_gmt":"2014-04-25T15:18:00","guid":{"rendered":"https:\/\/biblioteca.tianat.cat\/?p=156"},"modified":"2015-05-28T10:27:33","modified_gmt":"2015-05-28T10:27:33","slug":"sant-jordi-encara-no-ha-acaba","status":"publish","type":"post","link":"https:\/\/biblioteca.tianat.cat\/?p=156","title":{"rendered":"Sant Jordi encara no ha acabat!"},"content":{"rendered":"<div class=\"separator\" style=\"clear: both; text-align: center;\">\n<a href=\"https:\/\/biblioteca.tianat.cat\/wp-content\/uploads\/2014\/04\/cartell.jpg\" imageanchor=\"1\" style=\"clear: left; float: left; margin-bottom: 1em; margin-right: 1em;\"><img decoding=\"async\" loading=\"lazy\" border=\"0\" src=\"https:\/\/biblioteca.tianat.cat\/wp-content\/uploads\/2014\/04\/cartell.jpg\" height=\"320\" width=\"192\" \/><\/a><\/div>\n<p>Si us pensaveu que ja en ten\u00edem prou de llibres per aquest any&#8230; estaveu equivocats!<\/p>\n<div style=\"text-align: center;\">\n<b>A Tiana, el Sant Jordi el celebrem el dissabte 26 d&#8217;abril!<\/b><\/div>\n<div style=\"text-align: center;\">\n<\/div>\n<div style=\"text-align: justify;\">\nDurant tot el mat\u00ed, a la Pla\u00e7a de la Vila hi haur\u00e0 un munt d&#8217;activitats:&nbsp;<\/div>\n<div style=\"text-align: justify;\">\n<b>lectures en veu alta<\/b> a c\u00e0rrec dels alumnes de les escoles p\u00fabliques de Tiana i de l&#8217;Institut (podeu veure el nom dels lectors al <a href=\"http:\/\/santjorditiana.blogspot.com.es\/p\/collaboradors.html\">bloc<\/a>), el <b>Venedor d&#8217;hist\u00f2ries<\/b> que ens explicar\u00e0 aventures m\u00e0giques i divertides, <b>concurs de dibuix<\/b> per la mainada i <b>concurs de frases curtes<\/b> pels adults, exposici\u00f3 del <b>llibre gegant<\/b> que vam fer l&#8217;any passat i creaci\u00f3 d&#8217;un nou llibre gegant, <b>paradetes <\/b>d&#8217;entitats, entrga de <b>premis<\/b>&#8230; <\/div>\n<div style=\"text-align: justify;\">\n<\/div>\n<div style=\"text-align: justify;\">\nSi no us voleu perdre cap detall de com anir\u00e0 l&#8217;activitat, podeu consultar el Bloc de <a href=\"http:\/\/santjorditiana.blogspot.com\/\" target=\"_blank\">Sant Jordi a Tiana<\/a>, o estar atents al Twitter buscant <a href=\"https:\/\/twitter.com\/search?q=%23santjorditiana&amp;src=typd\" target=\"_blank\">#santjorditiana<\/a>.<\/div>\n<div style=\"text-align: justify;\">\n<\/div>\n<div style=\"text-align: justify;\">\n<b>T&#8217;esperem, dissabte a partir de les 11h!<\/b><\/div>\n","protected":false},"excerpt":{"rendered":"<p>Si us pensaveu que ja en ten\u00edem prou de llibres per aquest any&#8230; estaveu equivocats! A Tiana, el Sant Jordi el celebrem el dissabte 26 d&#8217;abril! Durant tot el mat\u00ed, a la<a class=\"moretag\" href=\"https:\/\/biblioteca.tianat.cat\/?p=156\">Read More&#8230;<\/a><\/p>\n","protected":false},"author":1,"featured_media":762,"comment_status":"closed","ping_status":"closed","sticky":false,"template":"","format":"standard","meta":[],"categories":[8,74],"tags":[22,21],"_links":{"self":[{"href":"https:\/\/biblioteca.tianat.cat\/index.php?rest_route=\/wp\/v2\/posts\/156"}],"collection":[{"href":"https:\/\/biblioteca.tianat.cat\/index.php?rest_route=\/wp\/v2\/posts"}],"about":[{"href":"https:\/\/biblioteca.tianat.cat\/index.php?rest_route=\/wp\/v2\/types\/post"}],"author":[{"embeddable":true,"href":"https:\/\/biblioteca.tianat.cat\/index.php?rest_route=\/wp\/v2\/users\/1"}],"replies":[{"embeddable":true,"href":"https:\/\/biblioteca.tianat.cat\/index.php?rest_route=%2Fwp%2Fv2%2Fcomments&post=156"}],"version-history":[{"count":1,"href":"https:\/\/biblioteca.tianat.cat\/index.php?rest_route=\/wp\/v2\/posts\/156\/revisions"}],"predecessor-version":[{"id":763,"href":"https:\/\/biblioteca.tianat.cat\/index.php?rest_route=\/wp\/v2\/posts\/156\/revisions\/763"}],"wp:featuredmedia":[{"embeddable":true,"href":"https:\/\/biblioteca.tianat.cat\/index.php?rest_route=\/wp\/v2\/media\/762"}],"wp:attachment":[{"href":"https:\/\/biblioteca.tianat.cat\/index.php?rest_route=%2Fwp%2Fv2%2Fmedia&parent=156"}],"wp:term":[{"taxonomy":"category","embeddable":true,"href":"https:\/\/biblioteca.tianat.cat\/index.php?rest_route=%2Fwp%2Fv2%2Fcategories&post=156"},{"taxonomy":"post_tag","embeddable":true,"href":"https:\/\/biblioteca.tianat.cat\/index.php?rest_route=%2Fwp%2Fv2%2Ftags&post=156"}],"curies":[{"name":"wp","href":"https:\/\/api.w.org\/{rel}","templated":true}]}}