{"id":1560,"date":"2011-08-30T15:28:00","date_gmt":"2011-08-30T13:28:00","guid":{"rendered":"https:\/\/biblioteca.tianat.cat\/?p=1560"},"modified":"2015-06-18T11:58:09","modified_gmt":"2015-06-18T09:58:09","slug":"30-de-setembre-empar-moliner","status":"publish","type":"post","link":"https:\/\/biblioteca.tianat.cat\/?p=1560","title":{"rendered":"30 de setembre &#8211; Empar Moliner"},"content":{"rendered":"<div class=\"separator\" style=\"clear: both; text-align: center;\"><a href=\"https:\/\/biblioteca.tianat.cat\/wp-content\/uploads\/2011\/08\/nohiha.php_.jpg\" imageanchor=\"1\" style=\"clear: left; float: left; margin-bottom: 1em; margin-right: 1em;\"><img decoding=\"async\" border=\"0\" src=\"https:\/\/biblioteca.tianat.cat\/wp-content\/uploads\/2011\/08\/nohiha.php_.jpg\" \/><\/a><\/div>\n<p>El proper 30 de setembre, comencem <a href=\"https:\/\/biblioteca.tianat.cat\/?page_id=1562\">Les Lectures en <\/a>Club amb &#8220;<a href=\"http:\/\/sinera.diba.cat\/search%7ES108*cat\/?searchtype=t&amp;searcharg=no+hi+ha+terceres&amp;searchscope=108&amp;sortdropdown=-&amp;SORT=R&amp;extended=0&amp;SUBMIT=Cerca&amp;searchlimits=&amp;searchorigarg=amoliner%2C+empar\">No hi ha terceres persones<\/a>&#8221; d&#8217;<a href=\"http:\/\/sinera.diba.cat\/search*cat\/?searchtype=a&amp;searcharg=moliner%2C+empar&amp;searchscope=108&amp;submit=Cercar\">Empar Moliner<\/a>.<br \/>\nAquest cop, podrem gaudir de la pres\u00e8ncia de l&#8217;autora a la nostra biblioteca i aix\u00ed intercanviar amb ella les opinions que el seu \u00faltim llibre ens hagi causat. La trobada, estar\u00e0 dirigida per Ariadna Guasch.<br \/>\nSi voleu, podeu descarregar-ne la <a href=\"http:\/\/dl.dropbox.com\/u\/21412080\/GuiesLectura\/7%20setembre-2011-EmparMoliner.pdf\">guia <\/a>que us hem preparat. <br \/>\nSer\u00e0 a la biblioteca de Can Baratau (Tiana) a les 19h.<\/p>\n","protected":false},"excerpt":{"rendered":"<p>El proper 30 de setembre, comencem Les Lectures en Club amb &#8220;No hi ha terceres persones&#8221; d&#8217;Empar Moliner. Aquest cop, podrem gaudir de la pres\u00e8ncia de l&#8217;autora a la nostra biblioteca i<a class=\"moretag\" href=\"https:\/\/biblioteca.tianat.cat\/?p=1560\">Read More&#8230;<\/a><\/p>\n","protected":false},"author":1,"featured_media":1640,"comment_status":"open","ping_status":"closed","sticky":false,"template":"","format":"standard","meta":[],"categories":[75],"tags":[119,113],"_links":{"self":[{"href":"https:\/\/biblioteca.tianat.cat\/index.php?rest_route=\/wp\/v2\/posts\/1560"}],"collection":[{"href":"https:\/\/biblioteca.tianat.cat\/index.php?rest_route=\/wp\/v2\/posts"}],"about":[{"href":"https:\/\/biblioteca.tianat.cat\/index.php?rest_route=\/wp\/v2\/types\/post"}],"author":[{"embeddable":true,"href":"https:\/\/biblioteca.tianat.cat\/index.php?rest_route=\/wp\/v2\/users\/1"}],"replies":[{"embeddable":true,"href":"https:\/\/biblioteca.tianat.cat\/index.php?rest_route=%2Fwp%2Fv2%2Fcomments&post=1560"}],"version-history":[{"count":2,"href":"https:\/\/biblioteca.tianat.cat\/index.php?rest_route=\/wp\/v2\/posts\/1560\/revisions"}],"predecessor-version":[{"id":1661,"href":"https:\/\/biblioteca.tianat.cat\/index.php?rest_route=\/wp\/v2\/posts\/1560\/revisions\/1661"}],"wp:featuredmedia":[{"embeddable":true,"href":"https:\/\/biblioteca.tianat.cat\/index.php?rest_route=\/wp\/v2\/media\/1640"}],"wp:attachment":[{"href":"https:\/\/biblioteca.tianat.cat\/index.php?rest_route=%2Fwp%2Fv2%2Fmedia&parent=1560"}],"wp:term":[{"taxonomy":"category","embeddable":true,"href":"https:\/\/biblioteca.tianat.cat\/index.php?rest_route=%2Fwp%2Fv2%2Fcategories&post=1560"},{"taxonomy":"post_tag","embeddable":true,"href":"https:\/\/biblioteca.tianat.cat\/index.php?rest_route=%2Fwp%2Fv2%2Ftags&post=1560"}],"curies":[{"name":"wp","href":"https:\/\/api.w.org\/{rel}","templated":true}]}}