{"id":264,"date":"2013-04-30T15:31:00","date_gmt":"2013-04-30T15:31:00","guid":{"rendered":"https:\/\/biblioteca.tianat.cat\/?p=264"},"modified":"2015-05-19T11:19:44","modified_gmt":"2015-05-19T11:19:44","slug":"els-mes-prestats-can-baratau","status":"publish","type":"post","link":"https:\/\/biblioteca.tianat.cat\/?p=264","title":{"rendered":"Els m\u00e9s prestats&#8230; a Can Baratau!"},"content":{"rendered":"<p>Vols saber quins s\u00f3ns els contes i llibres m\u00e9s llegits, els CD m\u00e9s escoltats i els DVD m\u00e9s vistos a Can Baratau durant els \u00faltims mesos? Consulta el R\u00e0nquing dels m\u00e9s prestats.<\/p>\n<p>El R\u00e0nquing dels m\u00e9s prestats ens diu quines s\u00f3n les <b>lectures<\/b>, la <b>m\u00fasica <\/b>i les <b>pel\u00b7l\u00edcules<\/b> que m\u00e9s han sortit en pr\u00e9stec. Per a les biblioteques, \u00e9s un r\u00e0nquing molt valorat, perqu\u00e8 aix\u00ed coneixem els vostres gustos de lectura, m\u00fasica i pel\u00b7l\u00edcules. <\/p>\n<div>\n<\/div>\n<div>\n<b><u>Les tres novel\u00b7les m\u00e9s llegides<\/u><\/b><\/div>\n<div class=\"separator\" style=\"clear: both; text-align: center;\">\n<a href=\"http:\/\/sinera.diba.cat\/search~S108*cat?\/agironell%2C+m\/agironell+m\/1%2C1%2C7%2CB\/frameset&amp;FF=agironell+marti&amp;1%2C%2C7\"><img decoding=\"async\" loading=\"lazy\" border=\"0\" height=\"200\" src=\"https:\/\/biblioteca.tianat.cat\/wp-content\/uploads\/2013\/04\/ARQUEOLEG.jpg\" width=\"131\" \/><\/a><a href=\"http:\/\/sinera.diba.cat\/search*cat\/?searchtype=t&amp;searcharg=victus&amp;searchscope=108&amp;submit=Cercar\" target=\"_blank\"><img decoding=\"async\" loading=\"lazy\" border=\"0\" height=\"200\" src=\"https:\/\/biblioteca.tianat.cat\/wp-content\/uploads\/2013\/04\/victus.jpg\" width=\"141\" \/><\/a><a href=\"http:\/\/sinera.diba.cat\/search*cat\/?searchtype=X&amp;searcharg=somriure+dones&amp;searchscope=108&amp;submit=Cercar\"><img decoding=\"async\" loading=\"lazy\" border=\"0\" height=\"200\" src=\"https:\/\/biblioteca.tianat.cat\/wp-content\/uploads\/2013\/04\/somriuredones.jpg\" width=\"132\" \/><\/a><\/div>\n<div>\n<b><u><br \/><\/u><\/b><\/div>\n<div>\n<b><u>Les tres m\u00fasiques m\u00e9s escoltades<\/u><\/b><\/p>\n<p>Consulta la llista dels m\u00e9s escoltats a trav\u00e9s del Grooveshark<\/p><\/div>\n<div>\n<b><u><br \/><\/u><\/b><\/div>\n<div>\n<div style=\"text-align: center;\">\n<a href=\"http:\/\/grooveshark.com\/search\/playlist?q=Els%20m%C3%A9s%20escoltats%20Gener-Mar%C3%A7%202013%20Biblioteca%20Can%20Baratau%20(Tiana)\" title=\"Els m\u00e9s escoltats Gener-Mar\u00e7 2013 by Biblioteca Can Baratau (Tiana) on Grooveshark\">Els m\u00e9s escoltats Gener-Mar\u00e7 2013 by Biblioteca Can Baratau (Tiana) on Grooveshark<\/a><\/div>\n<\/div>\n<div class=\"separator\" style=\"clear: both; text-align: center;\">\n<\/div>\n<div class=\"\" style=\"clear: both; text-align: left;\">\n<b><u>Les pel\u00b7l\u00edcules m\u00e9s vistes<\/u><\/b><\/div>\n<p><\/p>\n<div class=\"separator\" style=\"clear: both; text-align: center;\">\n<a href=\"http:\/\/sinera.diba.cat\/search*cat\/?searchtype=t&amp;searcharg=perdidos&amp;searchscope=108&amp;submit=Cercar\" target=\"_blank\"><img decoding=\"async\" loading=\"lazy\" border=\"0\" height=\"200\" src=\"https:\/\/biblioteca.tianat.cat\/wp-content\/uploads\/2013\/04\/lost.jpg\" width=\"135\" \/><\/a><a href=\"http:\/\/sinera.diba.cat\/search~S108*cat?\/tcriadas+y+se{u00F1}oras\/tcriadas+y+sen~aoras\/1%2C2%2C3%2CB\/frameset&amp;FF=tcriadas+y+sen~aoras&amp;2%2C%2C2\" target=\"_blank\"><img decoding=\"async\" loading=\"lazy\" border=\"0\" height=\"200\" src=\"https:\/\/biblioteca.tianat.cat\/wp-content\/uploads\/2013\/04\/criadasyse\u00f1oras.jpg\" width=\"149\" \/><\/a><a href=\"http:\/\/sinera.diba.cat\/search~S108*cat?\/tblancanieves\/tblancanieves\/1%2C3%2C6%2CB\/frameset&amp;FF=tblancanieves+la+historia+jamas+contada&amp;1%2C1%2C\" target=\"_blank\"><img decoding=\"async\" loading=\"lazy\" border=\"0\" height=\"200\" src=\"https:\/\/biblioteca.tianat.cat\/wp-content\/uploads\/2013\/04\/blancanieves.jpg\" width=\"140\" \/><\/a><\/div>\n<p><\/p>\n<div>\n<\/div>\n","protected":false},"excerpt":{"rendered":"<p>Vols saber quins s\u00f3ns els contes i llibres m\u00e9s llegits, els CD m\u00e9s escoltats i els DVD m\u00e9s vistos a Can Baratau durant els \u00faltims mesos? Consulta el R\u00e0nquing dels m\u00e9s prestats.<a class=\"moretag\" href=\"https:\/\/biblioteca.tianat.cat\/?p=264\">Read More&#8230;<\/a><\/p>\n","protected":false},"author":1,"featured_media":981,"comment_status":"closed","ping_status":"closed","sticky":false,"template":"","format":"standard","meta":[],"categories":[78],"tags":[34],"_links":{"self":[{"href":"https:\/\/biblioteca.tianat.cat\/index.php?rest_route=\/wp\/v2\/posts\/264"}],"collection":[{"href":"https:\/\/biblioteca.tianat.cat\/index.php?rest_route=\/wp\/v2\/posts"}],"about":[{"href":"https:\/\/biblioteca.tianat.cat\/index.php?rest_route=\/wp\/v2\/types\/post"}],"author":[{"embeddable":true,"href":"https:\/\/biblioteca.tianat.cat\/index.php?rest_route=\/wp\/v2\/users\/1"}],"replies":[{"embeddable":true,"href":"https:\/\/biblioteca.tianat.cat\/index.php?rest_route=%2Fwp%2Fv2%2Fcomments&post=264"}],"version-history":[{"count":1,"href":"https:\/\/biblioteca.tianat.cat\/index.php?rest_route=\/wp\/v2\/posts\/264\/revisions"}],"predecessor-version":[{"id":987,"href":"https:\/\/biblioteca.tianat.cat\/index.php?rest_route=\/wp\/v2\/posts\/264\/revisions\/987"}],"wp:featuredmedia":[{"embeddable":true,"href":"https:\/\/biblioteca.tianat.cat\/index.php?rest_route=\/wp\/v2\/media\/981"}],"wp:attachment":[{"href":"https:\/\/biblioteca.tianat.cat\/index.php?rest_route=%2Fwp%2Fv2%2Fmedia&parent=264"}],"wp:term":[{"taxonomy":"category","embeddable":true,"href":"https:\/\/biblioteca.tianat.cat\/index.php?rest_route=%2Fwp%2Fv2%2Fcategories&post=264"},{"taxonomy":"post_tag","embeddable":true,"href":"https:\/\/biblioteca.tianat.cat\/index.php?rest_route=%2Fwp%2Fv2%2Ftags&post=264"}],"curies":[{"name":"wp","href":"https:\/\/api.w.org\/{rel}","templated":true}]}}