{"id":2681,"date":"2015-06-03T16:26:01","date_gmt":"2015-06-03T14:26:01","guid":{"rendered":"https:\/\/biblioteca.tianat.cat\/?p=2681"},"modified":"2015-07-24T16:35:50","modified_gmt":"2015-07-24T14:35:50","slug":"els-contrabandistes-de-la-llibertat","status":"publish","type":"post","link":"https:\/\/biblioteca.tianat.cat\/?p=2681","title":{"rendered":"Els contrabandistes de la llibertat"},"content":{"rendered":"<p><span style=\"font-family: Verdana, sans-serif;\">Continuem amb les videorecomanacions fetes per vosaltres, els lectors que cada dia passeu per la biblioteca. Aqu\u00ed us la deixo:\u00a0<\/span><br \/>\n<iframe loading=\"lazy\" src=\"https:\/\/www.youtube.com\/embed\/yGn_-nYAzrk?list=PL9Sdul69c9NsYGocMNXWIGLLgkllZfNKF\" width=\"560\" height=\"315\" frameborder=\"0\" allowfullscreen=\"allowfullscreen\"><\/iframe><\/p>\n<p><span style=\"font-family: Verdana, sans-serif;\">3Si vosaltres tamb\u00e9 voleu recomanar-nos algun llibre, alguna can\u00e7\u00f3 o alguna pel\u00b7l\u00edcula, ens podeu enviar el v\u00eddeo (menys d&#8217;un minut) a <a href=\"mailto:b.tiana.cb@diba.cat\">b.tiana.cb@diba.cat<\/a> (format .avi o .wmv).\u00a0<\/span><\/p>\n<p><span style=\"font-family: Verdana, sans-serif;\">Ho podeu gravar amb el m\u00f2bil, la tauleta o fins i tot utilitzant una c\u00e0mera de v\u00eddeo (com es feia antigament&#8230;). Nosaltres ens encarreguem de l&#8217;edici\u00f3 final!<br \/>\n<\/span><\/p>\n<p><span style=\"font-family: Verdana, sans-serif;\">Montell\u00e0, Assumpta. <u style=\"font-style: italic;\">Contrabandistes de la llibertat<\/u>. Barcelona: Ara Llibres, 2009\u00a0(consulta&#8217;n la disponibilitat al <a href=\"http:\/\/aladi.diba.cat\/search*cat\/?searchtype=t&amp;searcharg=contrabandistes+de+la+llibertat&amp;searchscope=171&amp;submit=Cercar\" target=\"_blank\">cat\u00e0leg<\/a>).<br \/>\n<\/span><\/p>\n<p><span style=\"font-family: Verdana, sans-serif;\"><br \/>\n<\/span><br \/>\n<span style=\"font-family: Verdana, sans-serif; font-size: x-small;\"><i>Recomanaci\u00f3 feta per Josefina Ib\u00e1\u00f1ez<\/i><\/span><\/p>\n","protected":false},"excerpt":{"rendered":"<p>Continuem amb les videorecomanacions fetes per vosaltres, els lectors que cada dia passeu per la biblioteca. Aqu\u00ed us la deixo:\u00a0 3Si vosaltres tamb\u00e9 voleu recomanar-nos algun llibre, alguna can\u00e7\u00f3 o alguna pel\u00b7l\u00edcula,<a class=\"moretag\" href=\"https:\/\/biblioteca.tianat.cat\/?p=2681\">Read More&#8230;<\/a><\/p>\n","protected":false},"author":1,"featured_media":2682,"comment_status":"closed","ping_status":"closed","sticky":false,"template":"","format":"standard","meta":[],"categories":[7],"tags":[],"_links":{"self":[{"href":"https:\/\/biblioteca.tianat.cat\/index.php?rest_route=\/wp\/v2\/posts\/2681"}],"collection":[{"href":"https:\/\/biblioteca.tianat.cat\/index.php?rest_route=\/wp\/v2\/posts"}],"about":[{"href":"https:\/\/biblioteca.tianat.cat\/index.php?rest_route=\/wp\/v2\/types\/post"}],"author":[{"embeddable":true,"href":"https:\/\/biblioteca.tianat.cat\/index.php?rest_route=\/wp\/v2\/users\/1"}],"replies":[{"embeddable":true,"href":"https:\/\/biblioteca.tianat.cat\/index.php?rest_route=%2Fwp%2Fv2%2Fcomments&post=2681"}],"version-history":[{"count":1,"href":"https:\/\/biblioteca.tianat.cat\/index.php?rest_route=\/wp\/v2\/posts\/2681\/revisions"}],"predecessor-version":[{"id":2683,"href":"https:\/\/biblioteca.tianat.cat\/index.php?rest_route=\/wp\/v2\/posts\/2681\/revisions\/2683"}],"wp:featuredmedia":[{"embeddable":true,"href":"https:\/\/biblioteca.tianat.cat\/index.php?rest_route=\/wp\/v2\/media\/2682"}],"wp:attachment":[{"href":"https:\/\/biblioteca.tianat.cat\/index.php?rest_route=%2Fwp%2Fv2%2Fmedia&parent=2681"}],"wp:term":[{"taxonomy":"category","embeddable":true,"href":"https:\/\/biblioteca.tianat.cat\/index.php?rest_route=%2Fwp%2Fv2%2Fcategories&post=2681"},{"taxonomy":"post_tag","embeddable":true,"href":"https:\/\/biblioteca.tianat.cat\/index.php?rest_route=%2Fwp%2Fv2%2Ftags&post=2681"}],"curies":[{"name":"wp","href":"https:\/\/api.w.org\/{rel}","templated":true}]}}