{"id":304,"date":"2012-12-14T17:00:00","date_gmt":"2012-12-14T17:00:00","guid":{"rendered":"https:\/\/biblioteca.tianat.cat\/?p=304"},"modified":"2015-05-19T11:19:45","modified_gmt":"2015-05-19T11:19:45","slug":"tot-preparant-el-nadal-amb-en-genius","status":"publish","type":"post","link":"https:\/\/biblioteca.tianat.cat\/?p=304","title":{"rendered":"Tot preparant el Nadal&#8230; amb en G\u00e8nius!"},"content":{"rendered":"<div class=\"separator\" style=\"clear: both; text-align: center;\">\n<a href=\"http:\/\/2.bp.blogspot.com\/-e_B2WygLEiI\/UMta7PnxztI\/AAAAAAAABUk\/sEsA9hM-t4k\/s1600\/nadal.bmp\" imageanchor=\"1\" style=\"clear: left; float: left; margin-bottom: 1em; margin-right: 1em;\"><img decoding=\"async\" loading=\"lazy\" border=\"0\" height=\"235\" src=\"http:\/\/2.bp.blogspot.com\/-e_B2WygLEiI\/UMta7PnxztI\/AAAAAAAABUk\/sEsA9hM-t4k\/s320\/nadal.bmp\" width=\"320\" \/><\/a><\/div>\n<p>Avui a Tiana hem enc\u00e8s els llums de Nadal. Per\u00f2 ja fa temps que tots ens estem preparant per aquests dies de celebracions, \u00e0pats, trobades familiars&#8230; i en G\u00e8nius no es podia quedar enrera!<br \/>\nSabies que els nostres amics de la Biblioteca Virtual tenen un <b><a href=\"http:\/\/genius.diba.cat\/nadal-conte\" target=\"_blank\">conte <\/a><\/b>de Nadal? I la Valentina, que sempre est\u00e0 pendent de tot, ens vol donar uns consells molt importants per poder gaudir d&#8217;un <a href=\"http:\/\/genius.diba.cat\/detall-prestatge-mes-info\/-\/journal_content\/56_INSTANCE_8AtD\/6200569\/9603004?callerPlid=9602468\" target=\"_blank\"><b>Nadal ecol\u00f2gic<\/b><\/a>.<br \/>\nPer\u00f2 aix\u00f2 no \u00e9s tot, perqu\u00e8 en aquest especial de Nadal que han preparat en Bit, en G\u00e8nius, en Playme i la Valentina, hi ha de tot! Trobarem la <a href=\"http:\/\/genius.diba.cat\/carta-reis\" target=\"_blank\">carta als Reis<\/a>, un <a href=\"http:\/\/genius.diba.cat\/nadal-calendari\" target=\"_blank\">calendari <\/a>pel 2013, una <a href=\"http:\/\/genius.diba.cat\/postal-3\" target=\"_blank\">postal <\/a>per felicitar el Nadal, els pessebres, receptes de cuina, can\u00e7ons&#8230; ho voleu veure tot? doncs cliqueu <a href=\"http:\/\/genius.diba.cat\/nadal\" target=\"_blank\">aqu\u00ed <\/a>i&#8230; Bones Festes!<\/p>\n","protected":false},"excerpt":{"rendered":"<p>Avui a Tiana hem enc\u00e8s els llums de Nadal. Per\u00f2 ja fa temps que tots ens estem preparant per aquests dies de celebracions, \u00e0pats, trobades familiars&#8230; i en G\u00e8nius no es podia<a class=\"moretag\" href=\"https:\/\/biblioteca.tianat.cat\/?p=304\">Read More&#8230;<\/a><\/p>\n","protected":false},"author":1,"featured_media":0,"comment_status":"closed","ping_status":"closed","sticky":false,"template":"","format":"standard","meta":[],"categories":[78],"tags":[14,33,13],"_links":{"self":[{"href":"https:\/\/biblioteca.tianat.cat\/index.php?rest_route=\/wp\/v2\/posts\/304"}],"collection":[{"href":"https:\/\/biblioteca.tianat.cat\/index.php?rest_route=\/wp\/v2\/posts"}],"about":[{"href":"https:\/\/biblioteca.tianat.cat\/index.php?rest_route=\/wp\/v2\/types\/post"}],"author":[{"embeddable":true,"href":"https:\/\/biblioteca.tianat.cat\/index.php?rest_route=\/wp\/v2\/users\/1"}],"replies":[{"embeddable":true,"href":"https:\/\/biblioteca.tianat.cat\/index.php?rest_route=%2Fwp%2Fv2%2Fcomments&post=304"}],"version-history":[{"count":1,"href":"https:\/\/biblioteca.tianat.cat\/index.php?rest_route=\/wp\/v2\/posts\/304\/revisions"}],"predecessor-version":[{"id":1062,"href":"https:\/\/biblioteca.tianat.cat\/index.php?rest_route=\/wp\/v2\/posts\/304\/revisions\/1062"}],"wp:attachment":[{"href":"https:\/\/biblioteca.tianat.cat\/index.php?rest_route=%2Fwp%2Fv2%2Fmedia&parent=304"}],"wp:term":[{"taxonomy":"category","embeddable":true,"href":"https:\/\/biblioteca.tianat.cat\/index.php?rest_route=%2Fwp%2Fv2%2Fcategories&post=304"},{"taxonomy":"post_tag","embeddable":true,"href":"https:\/\/biblioteca.tianat.cat\/index.php?rest_route=%2Fwp%2Fv2%2Ftags&post=304"}],"curies":[{"name":"wp","href":"https:\/\/api.w.org\/{rel}","templated":true}]}}