{"id":3095,"date":"2015-12-18T20:16:28","date_gmt":"2015-12-18T18:16:28","guid":{"rendered":"https:\/\/biblioteca.tianat.cat\/?p=3095"},"modified":"2015-12-18T20:17:27","modified_gmt":"2015-12-18T18:17:27","slug":"29-de-gener-rafael-vallbona","status":"publish","type":"post","link":"https:\/\/biblioteca.tianat.cat\/?p=3095","title":{"rendered":"29 de gener &#8211;  Rafael Vallbona"},"content":{"rendered":"<p>Obrim el 2016 amb el mes de gener. I pel gener el Club de Lectura s&#8217;afegeix a <a href=\"http:\/\/tiananegra.blogspot.com.es\/\" target=\"_blank\">Tiana Negra<\/a>, i per aix\u00f2 proposem una novel\u00b7la \u00a0(<strong><em>&#8220;<a href=\"http:\/\/www.crims.cat\/cat\/coleccio\/10\/El-tant-per-cent.html\" target=\"_blank\">El tant per cent<\/a>&#8220;<\/em><\/strong> \u00a0de \u00a0<strong>Rafael Vallbona<\/strong> ) que s&#8217;adiu amb aquesta negror liter\u00e0ria que abans en deien &#8220;<em>de lladres i serenos<\/em>&#8220;. El que passa, per\u00f2, \u00e9s que amb el\u00a0pas del temps s&#8217;ha esdevingut que delinq\u00fcents i antidelinq\u00fcents han anat ampliant i perfeccionant el seu <em>modus operandi; \u00a0<\/em>i han deixat els lladregots i els &#8220;serenos&#8221; \u00a0de molts anys enrera amb una imatge gaireb\u00e9 inofensiva, ing\u00e8nua \u00a0i entranyable.<\/p>\n<p>A dies d&#8217;ara, l&#8217;ingredient base de la novel\u00b7la negra (el delicte) sembla no tenir l\u00edmit d&#8217;actuaci\u00f3; i tampoc de practicants. \u00a0 &#8220;<strong><em>El tant per cent<\/em><\/strong>&#8221; es nodreix principalment de malfactors que gasten Porsche i mengen a Casa Lucio; per posar un exemple. \u00a0 I es deixen caure \u00e0vidament sobre qualsevol avinentesa amb la que puguin obtenir un bon pessic, prescindint de manies, contemplacions i altres noses semblants.<\/p>\n<p>Divendres 29, a les 7 del vespre, podreu compartir la vostra experi\u00e8ncia amb la novel\u00b7la d&#8217;en Vallbona, home polifac\u00e8tic que excel\u00b7leix, per\u00f2, com a <a href=\"https:\/\/www.dropbox.com\/s\/0gn3nd1vq18xur7\/BibliografiaVallbona.docx?dl=0\" target=\"_blank\">escriptor<\/a> i com a <a href=\"http:\/\/diesdebici.blogspot.com.es\/search\/label\/Bicibiblios%202015\" target=\"_blank\">ciclista<\/a>; o <em>ciclist\u00f2fil<\/em>, si se&#8217;m permet el mot. \u00a0En Toni Sala far\u00e0 de guia de la sessi\u00f3, com sempre. I com sempre, tamb\u00e9, hem fet una humil <a href=\"https:\/\/www.dropbox.com\/s\/11k4lgw5uqfxqnm\/2016.01-Vallbona.pdf?dl=0\" target=\"_blank\">guia de lectura<\/a> que posem a la vostra disposici\u00f3.<\/p>\n<p>&nbsp;<\/p>\n<p>&nbsp;<\/p>\n","protected":false},"excerpt":{"rendered":"<p>Obrim el 2016 amb el mes de gener. I pel gener el Club de Lectura s&#8217;afegeix a Tiana Negra, i per aix\u00f2 proposem una novel\u00b7la \u00a0(&#8220;El tant per cent&#8220; \u00a0de \u00a0Rafael Vallbona<a class=\"moretag\" href=\"https:\/\/biblioteca.tianat.cat\/?p=3095\">Read More&#8230;<\/a><\/p>\n","protected":false},"author":1,"featured_media":3096,"comment_status":"closed","ping_status":"closed","sticky":false,"template":"","format":"standard","meta":[],"categories":[75],"tags":[],"_links":{"self":[{"href":"https:\/\/biblioteca.tianat.cat\/index.php?rest_route=\/wp\/v2\/posts\/3095"}],"collection":[{"href":"https:\/\/biblioteca.tianat.cat\/index.php?rest_route=\/wp\/v2\/posts"}],"about":[{"href":"https:\/\/biblioteca.tianat.cat\/index.php?rest_route=\/wp\/v2\/types\/post"}],"author":[{"embeddable":true,"href":"https:\/\/biblioteca.tianat.cat\/index.php?rest_route=\/wp\/v2\/users\/1"}],"replies":[{"embeddable":true,"href":"https:\/\/biblioteca.tianat.cat\/index.php?rest_route=%2Fwp%2Fv2%2Fcomments&post=3095"}],"version-history":[{"count":4,"href":"https:\/\/biblioteca.tianat.cat\/index.php?rest_route=\/wp\/v2\/posts\/3095\/revisions"}],"predecessor-version":[{"id":3100,"href":"https:\/\/biblioteca.tianat.cat\/index.php?rest_route=\/wp\/v2\/posts\/3095\/revisions\/3100"}],"wp:featuredmedia":[{"embeddable":true,"href":"https:\/\/biblioteca.tianat.cat\/index.php?rest_route=\/wp\/v2\/media\/3096"}],"wp:attachment":[{"href":"https:\/\/biblioteca.tianat.cat\/index.php?rest_route=%2Fwp%2Fv2%2Fmedia&parent=3095"}],"wp:term":[{"taxonomy":"category","embeddable":true,"href":"https:\/\/biblioteca.tianat.cat\/index.php?rest_route=%2Fwp%2Fv2%2Fcategories&post=3095"},{"taxonomy":"post_tag","embeddable":true,"href":"https:\/\/biblioteca.tianat.cat\/index.php?rest_route=%2Fwp%2Fv2%2Ftags&post=3095"}],"curies":[{"name":"wp","href":"https:\/\/api.w.org\/{rel}","templated":true}]}}