{"id":34,"date":"2015-05-20T13:57:00","date_gmt":"2015-05-20T13:57:00","guid":{"rendered":"https:\/\/biblioteca.tianat.cat\/?p=34"},"modified":"2015-06-16T12:28:34","modified_gmt":"2015-06-16T10:28:34","slug":"llibres-llegits-no-he-fet-els-deures","status":"publish","type":"post","link":"https:\/\/biblioteca.tianat.cat\/?p=34","title":{"rendered":"No he fet els deures perqu\u00e8&#8230;"},"content":{"rendered":"<div style=\"background: white; margin-bottom: .0001pt; margin: 0cm; mso-line-height-alt: 10.5pt; text-align: justify;\">\n<a href=\"https:\/\/biblioteca.tianat.cat\/wp-content\/uploads\/2015\/05\/nohefetdeures.jpg\" imageanchor=\"1\" style=\"clear: left; display: inline !important; float: left; margin-bottom: 1em; margin-right: 1em; text-align: center;\"><img decoding=\"async\" border=\"0\" src=\"https:\/\/biblioteca.tianat.cat\/wp-content\/uploads\/2015\/05\/nohefetdeures.jpg\" \/><\/a><\/div>\n<div style=\"background: white; margin-bottom: .0001pt; margin: 0cm; mso-line-height-alt: 10.5pt; text-align: justify;\">\nL\u2019autor d\u2019aquest conte \u00e9s Davide Cal\u00ed \u00e9s un autor polifac\u00e8tic,<br \/>\nnascut a Su\u00efssa i resident a It\u00e0lia. Va comen\u00e7ar la seva carrera liter\u00e0ria<br \/>\nescrivint tires c\u00f2miques i l\u2019any 2000, va escriure llibres infantils. Compta<br \/>\namb nombrosos \u00e8xits i els seus llibres han estat publicats en 25 pa\u00efsos i<br \/>\ntradu\u00efts a diversos idiomes. Tamb\u00e9, ha escrit sota el pseud\u00f2nim de Taro<br \/>\nMiyazawa i Daikon. Un dels seus contes m\u00e9s coneguts \u00e9s: <i>El fil de la vida, <\/i>el qual ha rebut el Premi Libbylit en el Sal\u00f3<br \/>\ndel Llibre de Namur i el Premi Baobab en la Fira del Llibre de Montreuil.<\/div>\n<div style=\"background: white; margin-bottom: .0001pt; margin: 0cm; mso-line-height-alt: 10.5pt; text-align: justify;\">\n<\/div>\n<div style=\"background: white; margin-bottom: .0001pt; margin: 0cm; mso-line-height-alt: 10.5pt; text-align: justify;\">\nL\u2019autor de les il\u00b7lustracions d\u2019aquest conte \u00e9s el franc\u00e8s Benjamin<br \/>\nChaud, qui fa honor a les imaginatives excuses de l\u2019autor i hi afegeix un toc<br \/>\nelegant o vintage. Ens ofereix una \u00e0mplia paleta de colors, molt contrastada i<br \/>\nuns dibuixos plens de detalls.<\/div>\n<div style=\"background: white; margin-bottom: .0001pt; margin: 0cm; mso-line-height-alt: 10.5pt; text-align: justify;\">\n<\/div>\n<div style=\"background: white; margin-bottom: .0001pt; margin: 0cm; mso-line-height-alt: 10.5pt; text-align: justify;\">\nEl conte s\u2019inicia quan una mestra pregunta a un alumne:<br \/>\naleshores, per qu\u00e8 no has fet els deures? I trobem com a resposta, 26 excuses<br \/>\nde tota mena, impossibles de ser reals, a quina m\u00e9s original, extravagant&#8230; Es<br \/>\ntracta d\u2019un petit gran \u00e0lbum ple d\u2019humor i imaginaci\u00f3. Els dibuixos que<br \/>\nacompanyen a cada excusa completen, reforcen o exageren aquests pretextos del<br \/>\nprotagonista. Les imatges conviden a passar una bona estona badant i gaudint de<br \/>\nmultitud detalls que proposen una lectura alternativa al text i aporten m\u00e9s<br \/>\nmotius per riure.<\/div>\n<div style=\"background: white; margin-bottom: .0001pt; margin: 0cm; mso-line-height-alt: 10.5pt; text-align: justify;\">\n<\/div>\n<div style=\"background: white; margin-bottom: .0001pt; margin: 0cm; mso-line-height-alt: 10.5pt; text-align: justify;\">\nResumint, es tracta d\u2019un conte ben constru\u00eft, que ofereix<br \/>\ndiferents nivells de lectura i estimula la creativitat i la imaginaci\u00f3. Cada<br \/>\nexcusa constitueix per ella mateixa una hist\u00f2ria per gaudir i riure. El conte pret\u00e9n<br \/>\nactivar l\u2019enginy dels lectors de qualsevol edat, perqu\u00e8 qualsevol en algun<br \/>\nmoment podem necessitar bones excuses si no tenim fets els deures.<\/div>\n<div style=\"background: white; margin-bottom: .0001pt; margin: 0cm; mso-line-height-alt: 10.5pt; text-align: justify;\">\n<\/div>\n<p><\/p>\n<div style=\"background: white; margin-bottom: .0001pt; margin: 0cm; mso-line-height-alt: 10.5pt; text-align: justify;\">\nI per finalitzar, us oferim&#8230;<\/div>\n<div style=\"background: white; margin-bottom: .0001pt; margin: 0cm; mso-line-height-alt: 10.5pt; text-align: justify;\">\n<\/div>\n<div style=\"background: white; margin-bottom: .0001pt; margin: 0cm; mso-line-height-alt: 10.5pt; text-align: justify;\">\n<a href=\"http:\/\/issuu.com\/margarida_vlc\/docs\/195599291-i-didn-t-do-my-homework-b\" target=\"_blank\">Tast del conte en angl\u00e8s<\/a><\/div>\n<div style=\"background: white; margin-bottom: .0001pt; margin: 0cm; mso-line-height-alt: 10.5pt; text-align: justify;\">\n<\/div>\n<div style=\"background: white; margin-bottom: .0001pt; margin: 0cm; mso-line-height-alt: 10.5pt; text-align: justify;\">\nCal\u00ed,<br \/>\nDavide. &nbsp;<i>No he fet els deures perqu\u00e8&#8230; <\/i>Val\u00e8ncia: Andana, 2014 (vegeu-ne disponibilitat al&nbsp;<a href=\"http:\/\/aladi.diba.cat\/search*cat\/?searchtype=X&amp;searcharg=no+he+fet+els+deures+perque&amp;searchscope=171&amp;submit=Cercar\" target=\"_blank\">cat\u00e0leg<\/a>)<\/p>\n<p><i>Recomanaci\u00f3 feta per Marta Huguet<\/i><\/div>\n","protected":false},"excerpt":{"rendered":"<p>L\u2019autor d\u2019aquest conte \u00e9s Davide Cal\u00ed \u00e9s un autor polifac\u00e8tic, nascut a Su\u00efssa i resident a It\u00e0lia. Va comen\u00e7ar la seva carrera liter\u00e0ria escrivint tires c\u00f2miques i l\u2019any 2000, va escriure llibres<a class=\"moretag\" href=\"https:\/\/biblioteca.tianat.cat\/?p=34\">Read More&#8230;<\/a><\/p>\n","protected":false},"author":1,"featured_media":512,"comment_status":"closed","ping_status":"closed","sticky":false,"template":"","format":"standard","meta":[],"categories":[7],"tags":[11],"_links":{"self":[{"href":"https:\/\/biblioteca.tianat.cat\/index.php?rest_route=\/wp\/v2\/posts\/34"}],"collection":[{"href":"https:\/\/biblioteca.tianat.cat\/index.php?rest_route=\/wp\/v2\/posts"}],"about":[{"href":"https:\/\/biblioteca.tianat.cat\/index.php?rest_route=\/wp\/v2\/types\/post"}],"author":[{"embeddable":true,"href":"https:\/\/biblioteca.tianat.cat\/index.php?rest_route=\/wp\/v2\/users\/1"}],"replies":[{"embeddable":true,"href":"https:\/\/biblioteca.tianat.cat\/index.php?rest_route=%2Fwp%2Fv2%2Fcomments&post=34"}],"version-history":[{"count":2,"href":"https:\/\/biblioteca.tianat.cat\/index.php?rest_route=\/wp\/v2\/posts\/34\/revisions"}],"predecessor-version":[{"id":1733,"href":"https:\/\/biblioteca.tianat.cat\/index.php?rest_route=\/wp\/v2\/posts\/34\/revisions\/1733"}],"wp:featuredmedia":[{"embeddable":true,"href":"https:\/\/biblioteca.tianat.cat\/index.php?rest_route=\/wp\/v2\/media\/512"}],"wp:attachment":[{"href":"https:\/\/biblioteca.tianat.cat\/index.php?rest_route=%2Fwp%2Fv2%2Fmedia&parent=34"}],"wp:term":[{"taxonomy":"category","embeddable":true,"href":"https:\/\/biblioteca.tianat.cat\/index.php?rest_route=%2Fwp%2Fv2%2Fcategories&post=34"},{"taxonomy":"post_tag","embeddable":true,"href":"https:\/\/biblioteca.tianat.cat\/index.php?rest_route=%2Fwp%2Fv2%2Ftags&post=34"}],"curies":[{"name":"wp","href":"https:\/\/api.w.org\/{rel}","templated":true}]}}