{"id":355,"date":"2012-01-23T15:55:00","date_gmt":"2012-01-23T15:55:00","guid":{"rendered":"https:\/\/biblioteca.tianat.cat\/?p=355"},"modified":"2015-05-19T11:19:47","modified_gmt":"2015-05-19T11:19:47","slug":"llibres-en-mp3","status":"publish","type":"post","link":"https:\/\/biblioteca.tianat.cat\/?p=355","title":{"rendered":"Llibres en MP3"},"content":{"rendered":"<div class=\"separator\" style=\"clear: both; text-align: center;\"><a href=\"http:\/\/4.bp.blogspot.com\/-GY295KPWeWA\/Tx2CdbKDwNI\/AAAAAAAAA24\/rC0ul93KWFs\/s1600\/audiollibre_mp3.png\" imageanchor=\"1\" style=\"clear: left; float: left; margin-bottom: 1em; margin-right: 1em;\"><img decoding=\"async\" loading=\"lazy\" border=\"0\" height=\"200\" src=\"https:\/\/biblioteca.tianat.cat\/wp-content\/uploads\/2012\/01\/audiollibre_mp3.png\" width=\"200\" \/><\/a><\/div>\n<div style=\"text-align: justify;\">La Ger\u00e8ncia de Serveis de Biblioteques ha adquirit <b>Audiomol<\/b> <i>Leemos para ti <\/i>de l&#8217;editorial Liberbox, un&nbsp; servei de <b>desc\u00e0rregues d&#8217;audiollibres&nbsp; en format&nbsp; Mp3<\/b> amb la intenci\u00f3 de facilitar i millorar l\u2019accessibilitat a la lectura.&nbsp;<br style=\"font-family: Verdana,sans-serif;\" \/>Els llibes s\u00f3n llegits per narradors\/res&nbsp; professionals en catal\u00e0 i castell\u00e0 i es troben agrupats en sis categories autoajuda, novel\u00b7la per adults, novel\u00b7la juvenil, assaig, relats i obres cl\u00e0ssiques.&nbsp; <br style=\"font-family: Verdana,sans-serif;\" \/>Hi podeu accedir des del cat\u00e0leg <a href=\"http:\/\/sinera.diba.cat\/\" target=\"_blank\">Alad\u00ed <\/a>i des de la <a href=\"http:\/\/bibliotecavirtual.diba.cat\/\" target=\"_blank\">Biblioteca Virtual<\/a> pr\u00e8via identificaci\u00f3 com a usuari de la Xarxa, \u00e9s a dir amb el carnet de biblioteca. Caldr\u00e0 que busqueu per T\u00edtol &#8220;Audiomol&#8221; i&nbsp; a partir d&#8217;aqu\u00ed escolliu quin llibre us voleu descarregar i voleu escoltar. <br style=\"font-family: Verdana,sans-serif;\" \/>Aix\u00ed es podr\u00e0 llegir mentre aneu a c\u00f3rrer, mentre aneu en bicicleta, en cotxe&#8230; ja no hi ha excuses! Us ho posem <b>molt f\u00e0cil.<\/b><\/div>\n","protected":false},"excerpt":{"rendered":"<p>La Ger\u00e8ncia de Serveis de Biblioteques ha adquirit Audiomol Leemos para ti de l&#8217;editorial Liberbox, un&nbsp; servei de desc\u00e0rregues d&#8217;audiollibres&nbsp; en format&nbsp; Mp3 amb la intenci\u00f3 de facilitar i millorar l\u2019accessibilitat a<a class=\"moretag\" href=\"https:\/\/biblioteca.tianat.cat\/?p=355\">Read More&#8230;<\/a><\/p>\n","protected":false},"author":1,"featured_media":1156,"comment_status":"closed","ping_status":"closed","sticky":false,"template":"","format":"standard","meta":[],"categories":[78],"tags":[13],"_links":{"self":[{"href":"https:\/\/biblioteca.tianat.cat\/index.php?rest_route=\/wp\/v2\/posts\/355"}],"collection":[{"href":"https:\/\/biblioteca.tianat.cat\/index.php?rest_route=\/wp\/v2\/posts"}],"about":[{"href":"https:\/\/biblioteca.tianat.cat\/index.php?rest_route=\/wp\/v2\/types\/post"}],"author":[{"embeddable":true,"href":"https:\/\/biblioteca.tianat.cat\/index.php?rest_route=\/wp\/v2\/users\/1"}],"replies":[{"embeddable":true,"href":"https:\/\/biblioteca.tianat.cat\/index.php?rest_route=%2Fwp%2Fv2%2Fcomments&post=355"}],"version-history":[{"count":1,"href":"https:\/\/biblioteca.tianat.cat\/index.php?rest_route=\/wp\/v2\/posts\/355\/revisions"}],"predecessor-version":[{"id":1157,"href":"https:\/\/biblioteca.tianat.cat\/index.php?rest_route=\/wp\/v2\/posts\/355\/revisions\/1157"}],"wp:featuredmedia":[{"embeddable":true,"href":"https:\/\/biblioteca.tianat.cat\/index.php?rest_route=\/wp\/v2\/media\/1156"}],"wp:attachment":[{"href":"https:\/\/biblioteca.tianat.cat\/index.php?rest_route=%2Fwp%2Fv2%2Fmedia&parent=355"}],"wp:term":[{"taxonomy":"category","embeddable":true,"href":"https:\/\/biblioteca.tianat.cat\/index.php?rest_route=%2Fwp%2Fv2%2Fcategories&post=355"},{"taxonomy":"post_tag","embeddable":true,"href":"https:\/\/biblioteca.tianat.cat\/index.php?rest_route=%2Fwp%2Fv2%2Ftags&post=355"}],"curies":[{"name":"wp","href":"https:\/\/api.w.org\/{rel}","templated":true}]}}