{"id":375,"date":"2011-10-15T07:55:00","date_gmt":"2011-10-15T07:55:00","guid":{"rendered":"https:\/\/biblioteca.tianat.cat\/?p=375"},"modified":"2015-05-19T11:19:48","modified_gmt":"2015-05-19T11:19:48","slug":"un-munt-de-mots","status":"publish","type":"post","link":"https:\/\/biblioteca.tianat.cat\/?p=375","title":{"rendered":"Un munt de mots"},"content":{"rendered":"<div class=\"separator\" style=\"clear: both; text-align: center;\"><a href=\"https:\/\/biblioteca.tianat.cat\/wp-content\/uploads\/2011\/10\/unmuntdemots.jpg\" imageanchor=\"1\" style=\"clear: left; float: left; margin-bottom: 1em; margin-right: 1em;\"><img decoding=\"async\" border=\"0\" src=\"https:\/\/biblioteca.tianat.cat\/wp-content\/uploads\/2011\/10\/unmuntdemots.jpg\" \/><\/a><\/div>\n<p>Normalment aix\u00f2 \u00e9s el qu\u00e8 ens trobem als llibres: <b style=\"font-family: Verdana,sans-serif;\">un munt de mots<\/b>. Ara tamb\u00e9, ho podem trobar en el t\u00edtol d&#8217;un <a href=\"http:\/\/www.muntdemots.org\/\">festival <\/a>de narraci\u00f3 oral que tindr\u00e0 lloc del <b>15 al 22<\/b> d&#8217;octubre a Barcelona.<\/p>\n<div class=\"MsoNormal\" style=\"font-family: Verdana,sans-serif;\">Des de la biblioteca, volem destacar la xerrada <b>\u201cContes per a  lectors que no saben llegir\u201d <\/b>a c\u00e0rrec de Linsabel Noguera, narradora, poeta  i docent. La xerrada tractar\u00e0 la narraci\u00f3 oral en les primeres edats i el  desenvolupament de les compet\u00e8ncies lectores i se celebrar\u00e0 a la <b>biblioteca  Vila de Gr\u00e0cia (Torrent de l&#8217;Olla, 104), el dimecres 19 d&#8217;octubre, a les 20  h<\/b>. Aquesta \u00e9s una activitat organitzada pel Consorci de biblioteques de  Barcelona i que s&#8217;adapta molt b\u00e9 al p\u00fablic del <a href=\"http:\/\/www.nascutsperllegir.org\/\"><b>Nascuts per llegir<\/b><\/a><a href=\"http:\/\/www.muntdemots.org\/\"><\/a><\/div>\n","protected":false},"excerpt":{"rendered":"<p>Normalment aix\u00f2 \u00e9s el qu\u00e8 ens trobem als llibres: un munt de mots. Ara tamb\u00e9, ho podem trobar en el t\u00edtol d&#8217;un festival de narraci\u00f3 oral que tindr\u00e0 lloc del 15 al<a class=\"moretag\" href=\"https:\/\/biblioteca.tianat.cat\/?p=375\">Read More&#8230;<\/a><\/p>\n","protected":false},"author":1,"featured_media":1189,"comment_status":"closed","ping_status":"closed","sticky":false,"template":"","format":"standard","meta":[],"categories":[78],"tags":[66,54],"_links":{"self":[{"href":"https:\/\/biblioteca.tianat.cat\/index.php?rest_route=\/wp\/v2\/posts\/375"}],"collection":[{"href":"https:\/\/biblioteca.tianat.cat\/index.php?rest_route=\/wp\/v2\/posts"}],"about":[{"href":"https:\/\/biblioteca.tianat.cat\/index.php?rest_route=\/wp\/v2\/types\/post"}],"author":[{"embeddable":true,"href":"https:\/\/biblioteca.tianat.cat\/index.php?rest_route=\/wp\/v2\/users\/1"}],"replies":[{"embeddable":true,"href":"https:\/\/biblioteca.tianat.cat\/index.php?rest_route=%2Fwp%2Fv2%2Fcomments&post=375"}],"version-history":[{"count":1,"href":"https:\/\/biblioteca.tianat.cat\/index.php?rest_route=\/wp\/v2\/posts\/375\/revisions"}],"predecessor-version":[{"id":1190,"href":"https:\/\/biblioteca.tianat.cat\/index.php?rest_route=\/wp\/v2\/posts\/375\/revisions\/1190"}],"wp:featuredmedia":[{"embeddable":true,"href":"https:\/\/biblioteca.tianat.cat\/index.php?rest_route=\/wp\/v2\/media\/1189"}],"wp:attachment":[{"href":"https:\/\/biblioteca.tianat.cat\/index.php?rest_route=%2Fwp%2Fv2%2Fmedia&parent=375"}],"wp:term":[{"taxonomy":"category","embeddable":true,"href":"https:\/\/biblioteca.tianat.cat\/index.php?rest_route=%2Fwp%2Fv2%2Fcategories&post=375"},{"taxonomy":"post_tag","embeddable":true,"href":"https:\/\/biblioteca.tianat.cat\/index.php?rest_route=%2Fwp%2Fv2%2Ftags&post=375"}],"curies":[{"name":"wp","href":"https:\/\/api.w.org\/{rel}","templated":true}]}}