{"id":389,"date":"2011-06-20T16:12:00","date_gmt":"2011-06-20T16:12:00","guid":{"rendered":"https:\/\/biblioteca.tianat.cat\/?p=389"},"modified":"2015-05-19T11:19:49","modified_gmt":"2015-05-19T11:19:49","slug":"narracions-vivencials","status":"publish","type":"post","link":"https:\/\/biblioteca.tianat.cat\/?p=389","title":{"rendered":"Narracions vivencials"},"content":{"rendered":"<div style=\"text-align: justify;\"><a href=\"http:\/\/1.bp.blogspot.com\/-LrtoQYnkMls\/Tf9xGw3kV5I\/AAAAAAAAAu4\/fEVH-JFDH5A\/s1600\/foto1.jpg\" imageanchor=\"1\" style=\"clear: left; float: left; margin-bottom: 1em; margin-right: 1em;\"><img decoding=\"async\" loading=\"lazy\" border=\"0\" height=\"217\" src=\"https:\/\/biblioteca.tianat.cat\/wp-content\/uploads\/2011\/06\/foto1.jpg\" width=\"320\" \/><\/a><b>Narracions vivencials<\/b> \u00e9s un projecte que ens vol apropar a la hist\u00f2ria m\u00e9s recent del nostre poble, aix\u00ed com generar documentaci\u00f3 que ens permeti guardar aquesta hist\u00f2ria evitant que caigui en l&#8217;oblit.<\/div>\n<div style=\"text-align: justify;\">Ja portem dues sessions: El comer\u00e7 a Tiana i Les escoles. Aquest <u>dimecres 22<\/u> de juny, us convidem a participar a la tercera sessi\u00f3 (i \u00faltima abans de l&#8217;estiu). Ens trobarem tots a les 19h per parlar de <b>La vida social al carrer<\/b>.<\/div>\n<div style=\"text-align: justify;\">De ben segur que teniu hist\u00f2ries incre\u00efbles per explicar-nos!<\/div>\n<div style=\"text-align: justify;\">\n<\/div>\n<div style=\"text-align: justify;\">Fotografia cedida per Consol Ros\u00e9s<\/div>\n","protected":false},"excerpt":{"rendered":"<p>Narracions vivencials \u00e9s un projecte que ens vol apropar a la hist\u00f2ria m\u00e9s recent del nostre poble, aix\u00ed com generar documentaci\u00f3 que ens permeti guardar aquesta hist\u00f2ria evitant que caigui en l&#8217;oblit.<a class=\"moretag\" href=\"https:\/\/biblioteca.tianat.cat\/?p=389\">Read More&#8230;<\/a><\/p>\n","protected":false},"author":1,"featured_media":1217,"comment_status":"closed","ping_status":"closed","sticky":false,"template":"","format":"standard","meta":[],"categories":[78],"tags":[22,68],"_links":{"self":[{"href":"https:\/\/biblioteca.tianat.cat\/index.php?rest_route=\/wp\/v2\/posts\/389"}],"collection":[{"href":"https:\/\/biblioteca.tianat.cat\/index.php?rest_route=\/wp\/v2\/posts"}],"about":[{"href":"https:\/\/biblioteca.tianat.cat\/index.php?rest_route=\/wp\/v2\/types\/post"}],"author":[{"embeddable":true,"href":"https:\/\/biblioteca.tianat.cat\/index.php?rest_route=\/wp\/v2\/users\/1"}],"replies":[{"embeddable":true,"href":"https:\/\/biblioteca.tianat.cat\/index.php?rest_route=%2Fwp%2Fv2%2Fcomments&post=389"}],"version-history":[{"count":1,"href":"https:\/\/biblioteca.tianat.cat\/index.php?rest_route=\/wp\/v2\/posts\/389\/revisions"}],"predecessor-version":[{"id":1218,"href":"https:\/\/biblioteca.tianat.cat\/index.php?rest_route=\/wp\/v2\/posts\/389\/revisions\/1218"}],"wp:featuredmedia":[{"embeddable":true,"href":"https:\/\/biblioteca.tianat.cat\/index.php?rest_route=\/wp\/v2\/media\/1217"}],"wp:attachment":[{"href":"https:\/\/biblioteca.tianat.cat\/index.php?rest_route=%2Fwp%2Fv2%2Fmedia&parent=389"}],"wp:term":[{"taxonomy":"category","embeddable":true,"href":"https:\/\/biblioteca.tianat.cat\/index.php?rest_route=%2Fwp%2Fv2%2Fcategories&post=389"},{"taxonomy":"post_tag","embeddable":true,"href":"https:\/\/biblioteca.tianat.cat\/index.php?rest_route=%2Fwp%2Fv2%2Ftags&post=389"}],"curies":[{"name":"wp","href":"https:\/\/api.w.org\/{rel}","templated":true}]}}