{"id":401,"date":"2011-03-03T16:18:00","date_gmt":"2011-03-03T16:18:00","guid":{"rendered":"https:\/\/biblioteca.tianat.cat\/?p=401"},"modified":"2015-05-19T11:19:49","modified_gmt":"2015-05-19T11:19:49","slug":"malgrat-que-tots-els-nens-i-nenes-de-la","status":"publish","type":"post","link":"https:\/\/biblioteca.tianat.cat\/?p=401","title":{"rendered":""},"content":{"rendered":"<p><a href=\"http:\/\/3.bp.blogspot.com\/-HU4SFVjNaZ8\/TW-_cdI8-DI\/AAAAAAAAAqY\/H1TobmTnuAo\/s1600\/carnestoltes.jpg\" onblur=\"try {parent.deselectBloggerImageGracefully();} catch(e) {}\"><img decoding=\"async\" alt=\"\" border=\"0\" id=\"BLOGGER_PHOTO_ID_5579888958914754610\" src=\"https:\/\/biblioteca.tianat.cat\/wp-content\/uploads\/2011\/03\/carnestoltes.jpg\" style=\"cursor: pointer; float: left; height: 223px; margin: 0pt 10px 10px 0pt; width: 226px;\" \/><\/a>Malgrat que tots els nens i nenes de la comarca estan de Setmana Blanca, no cal oblidar que estem a la setmana del Carnestoltes! Que \u00e9s el Rei dels Poca-soltes! I creiem que val la pena explicar els origens d\u2019aquesta festa tant esbojarrada.<br \/>\nEn el llibre \u201cManual del carnestoltes\u201d hi trobem un verset que explica molt b\u00e9 qui \u00e9s aquest personatge:<\/p>\n<div style=\"text-align: center;\">\nQue no ho sentiu? S\u00f3c el rei<br \/>\nDels folls i dels poca-soltes.<br \/>\nPer\u2019xo em diuen Carnestoltes<br \/>\ni he vingut a fer la llei<br \/>\nque proclamo amb veu valenta<br \/>\nperqu\u00e8 m\u2019he pres una menta.<\/p>\n<p>Vull que aquesta gentada<br \/>\nSigui ben esbojarrada<br \/>\nI que tothom, com cabrits,<br \/>\nfaci balls ben divertits<br \/>\nque engresquin els assenyats<br \/>\na fer torts i disbarats<\/p>\n<p>Vestiu amb robes de festa<br \/>\nI adorneu la vostra testa<br \/>\nAmb capells i maquillatges<br \/>\nSegons manen els usatges.<br \/>\nSortiu a fora el carrer,<br \/>\nFeu el boig, i fareu b\u00e9.<\/p>\n<p>Ho mana el Rei Carnestoltes,<br \/>\nMonarca dels poca-soltes.<\/div>\n<p>\nEn Carnestoltes \u00e9s la festa que precedeix a la Quaresma, que \u00e9s tot el contrari del rei dels poca-soltes (Reina de l\u2019ordre, la disciplina, la rutina, la feina&#8230;). Aquesta festa, ve de lluny, ja que en l\u2019\u00e8poca dels Grecs, ja existien les Dionis\u00edaques, unes festes ben boges! O a Roma, hi havia els Saturnals, les Lupercals i les Matronals que si b\u00e9 no eren exactament carnavals, s\u00ed que feien lloan\u00e7a de la disbauxa. M\u00e9s endavant en el tems, en l\u2019\u00e8poca del renaixement exisita una festa anomenada Xauxa on ja van comen\u00e7ar les disfresses. Al segle XVIII neix el fam\u00f3s Carnaval de Ven\u00e8cia (amb les m\u00e0scares i les capes que tapaven a tothom&#8230;), i al segle XX es consolida un altre carnaval ben fam\u00f3s: el de Rio!<br \/>\nI com tota festa t\u00e9 el seu ritual. Per comen\u00e7ar, i per demostrar que \u00e9s una festa boja, no t\u00e9 una data fixa al calendari i ni tant sols comen\u00e7a la setmana en dilluns, sin\u00f3 que la comen\u00e7a en Dijous Gras i acaba en Dimecres de Cendra.<br \/>\nPer comen\u00e7ar b\u00e9 el carnaval el dijous Gras, que aquest any cau en el dia 3 de mar\u00e7, cal alimentar-se com D\u00e9u mana i acumular energies per aguantar tota la setmana, per tant ens atiparem de botiffarres, coca de llardons i tots els menjars greixosos que se\u2019ns ocurreixin: llom amb seques, truita de cansalada, ous durs, past\u00eds de sobrassada&#8230; acompanyat d\u2019un vi bo i un vi ranci.<br \/>\nDivendres toca fer el nomenament del consell dels Bulls que s\u00f3n els responsables de la festa durant aquests dies. El mateix divendres arriba el Carnestoltes i el preg\u00f3 que ens convidar\u00e0 a divertir-nos sense parar. El dissabte toca el ball de disfresses (tal i com es fa a Tiana), Diumenge la tradici\u00f3 marca que toca Rua i desfilada de comparses. Dilluns, quan alguns hem de tornar a treballar (no \u00e9s el cas del rei carnestoltes, \u00e9s clar) toca fer-li el judici per alterar l\u2019ordre de la vila. Dimarts el nostre Rei dels poca-soltes mor a la foguera i les ploraneres surten al carrer a plorar la seva mort. Finalment, el dimecres de cendra haurem d\u2019enterrar les sardines i acomiadar el carnaval, que l\u2019endem\u00e0 ja comen\u00e7a la Quaresma, aquella vella de set peus que no ens deixa fer res de res.<br \/>\nAix\u00ed, que com que ens hem de preparar ben preparats per la festa i al xerinola, a la biblioteca us tenim preparats un munt de llibres per fer m\u00e0scares, pintar-vos la cara, preparar la decoraci\u00f3 de les festes i explicar el conte del Rei Carnestoltes als petits de la casa. Preparats? Llestos? Comen\u00e7a el Carnestoltes!<\/p>\n","protected":false},"excerpt":{"rendered":"<p>Malgrat que tots els nens i nenes de la comarca estan de Setmana Blanca, no cal oblidar que estem a la setmana del Carnestoltes! Que \u00e9s el Rei dels Poca-soltes! I creiem<a class=\"moretag\" href=\"https:\/\/biblioteca.tianat.cat\/?p=401\">Read More&#8230;<\/a><\/p>\n","protected":false},"author":1,"featured_media":1241,"comment_status":"closed","ping_status":"closed","sticky":false,"template":"","format":"standard","meta":[],"categories":[78],"tags":[13],"_links":{"self":[{"href":"https:\/\/biblioteca.tianat.cat\/index.php?rest_route=\/wp\/v2\/posts\/401"}],"collection":[{"href":"https:\/\/biblioteca.tianat.cat\/index.php?rest_route=\/wp\/v2\/posts"}],"about":[{"href":"https:\/\/biblioteca.tianat.cat\/index.php?rest_route=\/wp\/v2\/types\/post"}],"author":[{"embeddable":true,"href":"https:\/\/biblioteca.tianat.cat\/index.php?rest_route=\/wp\/v2\/users\/1"}],"replies":[{"embeddable":true,"href":"https:\/\/biblioteca.tianat.cat\/index.php?rest_route=%2Fwp%2Fv2%2Fcomments&post=401"}],"version-history":[{"count":1,"href":"https:\/\/biblioteca.tianat.cat\/index.php?rest_route=\/wp\/v2\/posts\/401\/revisions"}],"predecessor-version":[{"id":1242,"href":"https:\/\/biblioteca.tianat.cat\/index.php?rest_route=\/wp\/v2\/posts\/401\/revisions\/1242"}],"wp:featuredmedia":[{"embeddable":true,"href":"https:\/\/biblioteca.tianat.cat\/index.php?rest_route=\/wp\/v2\/media\/1241"}],"wp:attachment":[{"href":"https:\/\/biblioteca.tianat.cat\/index.php?rest_route=%2Fwp%2Fv2%2Fmedia&parent=401"}],"wp:term":[{"taxonomy":"category","embeddable":true,"href":"https:\/\/biblioteca.tianat.cat\/index.php?rest_route=%2Fwp%2Fv2%2Fcategories&post=401"},{"taxonomy":"post_tag","embeddable":true,"href":"https:\/\/biblioteca.tianat.cat\/index.php?rest_route=%2Fwp%2Fv2%2Ftags&post=401"}],"curies":[{"name":"wp","href":"https:\/\/api.w.org\/{rel}","templated":true}]}}