{"id":403,"date":"2011-02-16T10:53:00","date_gmt":"2011-02-16T10:53:00","guid":{"rendered":"https:\/\/biblioteca.tianat.cat\/?p=403"},"modified":"2015-05-19T11:19:49","modified_gmt":"2015-05-19T11:19:49","slug":"partir-del-dilluns-dia-21-de-febrer-la","status":"publish","type":"post","link":"https:\/\/biblioteca.tianat.cat\/?p=403","title":{"rendered":""},"content":{"rendered":"<div style=\"text-align: justify;\"><a onblur=\"try {parent.deselectBloggerImageGracefully();} catch(e) {}\" href=\"http:\/\/2.bp.blogspot.com\/-Dq3zYmEOAlo\/TVus3-eZyyI\/AAAAAAAAAqI\/fE7v5qLEKJk\/s1600\/pantalla_aduts.jpg\"><img decoding=\"async\" style=\"float: left; margin: 0pt 10px 10px 0pt; cursor: pointer; width: 215px; height: 161px;\" src=\"https:\/\/biblioteca.tianat.cat\/wp-content\/uploads\/2011\/02\/pantalla_aduts.jpg\" alt=\"\" id=\"BLOGGER_PHOTO_ID_5574239041464421154\" border=\"0\" \/><\/a>A partir del dilluns dia 21 de febrer, la biblioteca disposar\u00e0 d\u2019Internet i +. Aquest nou programa que gestionar\u00e0 l\u2019\u00fas d\u2019internet a la biblioteca, vol racionalitzar-ne l\u2019\u00fas. De cara a l\u2019usuari, se li vol donar m\u00e9s autonomia i a la vegada un \u00fas no abusiu del sistema per tal d\u2019ajusatar l\u2019oferta i la demanda.<br \/>Per utilitzar aquest nou servei, ser\u00e0 imprescindible tenir a m\u00e0 el carnet de la biblioteca.<br \/>Internet i + limitar\u00e0 l\u2019\u00fas que podem fer d\u2019internet a 20 sessions mensuals pels adults i 10 sessions per als infants, de forma totalment gratu\u00efta. Ha de quedar clar que es parla de sessions, no d\u2019hores (i que els sessions seran com a m\u00e0xim, d&#8217;una hora).<br \/>Amb el nou funcionament, disposarem a la sala d\u2019adults, de 2 ordinadors amb sessions de m\u00e0xim una hora i 1 ordinador de sessions de 30 minuts com a m\u00e0xim. I a la sala infantil d\u20191 ordinador amb sessions d\u20191 hora com a m\u00e0xim. A m\u00e9s de l&#8217;ordinador multim\u00e8dia que ja tenim actualment.<br \/>Els ordinadors d\u2019una hora, s\u00f3n reservables. \u00c9s a dir que amb antel\u2022laci\u00f3 pots reservar aquell ordinador i estar\u00e0s segur que ning\u00fa s\u2019hi podr\u00e0 posar fins que tu no acabis la teva sessi\u00f3.<br \/>A l\u2019hora de fer les reserves, cal tenir en compte que les reserves es fan a les hores en punt (a les 5, a les 6&#8230;) i duren fins a la seg\u00fcent hora en punt.<br \/>Els ordinadors de 30 minuts, no s\u00f3n reservables, \u00e9s a dir que els podrem ocupar (si estan lliures) sense una pr\u00e8via reserva. A m\u00e9s, aquest ordinador operar\u00e0 amb Linux i programari lliure.<br \/>Una de les millores (importants) que notarem ser\u00e0 que a partir del dilluns tots els ordinadors de la biblioteca acceptaran dispositius de mem\u00f2ria auxiliars (USB, CD&#8230;). A m\u00e9s, tindrem m\u00e9s seguretat en la confidencialitat de les nostres dades ja que cada cop que s\u2019acabi una sessi\u00f3, les nostres dades, les cookies i la resta d\u2019informaci\u00f3 quedar\u00e0 borrada del PC.<br \/>Una altre de les novetats d\u2019aquest sistema ser\u00e0 el pagament de les impressions. A partir d\u2019ara, les impressions es pagaran per avan\u00e7at i el carnet ens fucionar\u00e0 com una \u201ctargeta moneder\u201d, on hi posarem el cr\u00e8dit que necessitem, i a mida que anem imprimint, se\u2019ns anir\u00e0 descomptant els diners. Amb aquest sistema haurem de vigilar d\u2019estar molt segurs d\u2019imprimir nom\u00e9s all\u00f2 que volem i escollir la modalitat desitjada (color o blanc i negre), ja que el sistema calcular\u00e0 autom\u00e0ticament l\u2019import que hem de pagar sense tenir en compte si ens han sortit m\u00e9s p\u00e0gines de les que vol\u00edem o si ens hem equivocat i ens ha sortit en color enlloc de blanc i negre.<br \/>En resum, amb aquest nou sistema passarem de tenir un sol ordinador des del qual pod\u00edem treballar (aplicatius diversos, USB&#8230;) a tenir-ne 4 a adults i 1 a infantil. A m\u00e9s, racionalitzarem l\u2019\u00fas del servei donant la oportunitat a m\u00e9s usuaris d\u2019utilitzar els ordinadors.<br \/>Recordeu, per\u00f2, que per posar aquest nou sistema els dies 17 i 18 de febrer NO TINDREM SERVEI D&#8217;INTERNET.<\/div>\n","protected":false},"excerpt":{"rendered":"<p>A partir del dilluns dia 21 de febrer, la biblioteca disposar\u00e0 d\u2019Internet i +. Aquest nou programa que gestionar\u00e0 l\u2019\u00fas d\u2019internet a la biblioteca, vol racionalitzar-ne l\u2019\u00fas. De cara a l\u2019usuari, se<a class=\"moretag\" href=\"https:\/\/biblioteca.tianat.cat\/?p=403\">Read More&#8230;<\/a><\/p>\n","protected":false},"author":1,"featured_media":1245,"comment_status":"closed","ping_status":"closed","sticky":false,"template":"","format":"standard","meta":[],"categories":[78],"tags":[13],"_links":{"self":[{"href":"https:\/\/biblioteca.tianat.cat\/index.php?rest_route=\/wp\/v2\/posts\/403"}],"collection":[{"href":"https:\/\/biblioteca.tianat.cat\/index.php?rest_route=\/wp\/v2\/posts"}],"about":[{"href":"https:\/\/biblioteca.tianat.cat\/index.php?rest_route=\/wp\/v2\/types\/post"}],"author":[{"embeddable":true,"href":"https:\/\/biblioteca.tianat.cat\/index.php?rest_route=\/wp\/v2\/users\/1"}],"replies":[{"embeddable":true,"href":"https:\/\/biblioteca.tianat.cat\/index.php?rest_route=%2Fwp%2Fv2%2Fcomments&post=403"}],"version-history":[{"count":1,"href":"https:\/\/biblioteca.tianat.cat\/index.php?rest_route=\/wp\/v2\/posts\/403\/revisions"}],"predecessor-version":[{"id":1246,"href":"https:\/\/biblioteca.tianat.cat\/index.php?rest_route=\/wp\/v2\/posts\/403\/revisions\/1246"}],"wp:featuredmedia":[{"embeddable":true,"href":"https:\/\/biblioteca.tianat.cat\/index.php?rest_route=\/wp\/v2\/media\/1245"}],"wp:attachment":[{"href":"https:\/\/biblioteca.tianat.cat\/index.php?rest_route=%2Fwp%2Fv2%2Fmedia&parent=403"}],"wp:term":[{"taxonomy":"category","embeddable":true,"href":"https:\/\/biblioteca.tianat.cat\/index.php?rest_route=%2Fwp%2Fv2%2Fcategories&post=403"},{"taxonomy":"post_tag","embeddable":true,"href":"https:\/\/biblioteca.tianat.cat\/index.php?rest_route=%2Fwp%2Fv2%2Ftags&post=403"}],"curies":[{"name":"wp","href":"https:\/\/api.w.org\/{rel}","templated":true}]}}