{"id":4606,"date":"2017-04-18T15:48:59","date_gmt":"2017-04-18T13:48:59","guid":{"rendered":"https:\/\/biblioteca.tianat.cat\/?p=4606"},"modified":"2017-04-18T15:49:24","modified_gmt":"2017-04-18T13:49:24","slug":"la-catequistica-de-tiana","status":"publish","type":"post","link":"https:\/\/biblioteca.tianat.cat\/?p=4606","title":{"rendered":"La Catequ\u00edstica de Tiana"},"content":{"rendered":"<p>Ball\u00fas, Canals, Nolis, Sard\u00e0, Rabassa, Gel, Sala, Figueras, Campoy, Arom\u00ed, Ba\u00f1os, Batlle, Borr\u00e0s, Cun\u00ed, Galceran, Garreta, Li\u00f1an, Llimona, Llobet, Marsa, Puig, Rigal\u00f3s, Salvatierra, Sola o \u00a0Vilaseca s\u00f3n cognoms que, segons explica en Francesc Granell, van lligats a un dels edificis m\u00e9s significatius de Tiana.<\/p>\n<p>En l&#8217;article publicat al <a href=\"http:\/\/sinera.diba.cat\/search*cat\/?searchtype=X&amp;searcharg=catequistica&amp;searchscope=108&amp;submit=Cercar\">Programa de festa major del 1987<\/a>, en Francesc Granell explica com\u00a0des de la Parr\u00f2quia i amb la voluntat de molts, es va posar en marxa un projecte com la Catequ\u00edstica, que va\u00a0servir d&#8217;escola quan les Monges encara no s&#8217;havien adaptat a la nova escola,\u00a0i que va saber adaptar-se als canvis que la hist\u00f2ria va escriure al nostre municipi.<\/p>\n<p>Acabada la Segona Guerra Mundial gent com Feliu Reixach, Antoni Cuss\u00f3, Robert Campos i els seminaristes Llad\u00f3s i Matas, van emp\u00e8nyer als altres tianencs a donar vida a la Catequ\u00edstica omplint-la d&#8217;activitats ben diverses: catequesi, teatre, cinema, festes infantils, cercles d&#8217;estudi, campionats de ping-pong, partits de futbol&#8230; fins i tot van comen\u00e7ar a publicar\u00a0la revista &#8220;<em><strong>Tiana<\/strong><\/em>&#8221; (1953-1964).<\/p>\n<p>Amb el rector Ramon Marin\u00e9 al capdavant de la parr\u00f2quia de Tiana (1962-69) la Catequ\u00edstica va comen\u00e7ar a perdre la for\u00e7a cultural que l&#8217;havia caracteritzada (a causa tamb\u00e9 del context hist\u00f2ric que s&#8217;anava vivint). Malgrat aix\u00f2 encara s&#8217;hi feien Jocs Florals\u00a0o l&#8217;Escola d&#8217;Adults. Molts tianencs recorden encara concerts de cantautors, partits de b\u00e0squet o les trobades de l&#8217;Agrupament Escolta.<\/p>\n<p>I aix\u00ed fins avui, quan &#8220;La Catequ\u00edstica&#8221; \u00e9s un dels llocs de Tiana\u00a0que tothom sap ubicar.<\/p>\n<p>M\u00e9s informaci\u00f3:<\/p>\n<ul>\n<li><a href=\"https:\/\/biblioteca.tianat.cat\/?page_id=4105\" target=\"_blank\">Narracions vivencials<\/a><\/li>\n<li><a href=\"http:\/\/lalocal.tianat.cat\/?s=catequistica\" target=\"_blank\">La Catequ\u00edstica a LaLocal<\/a><\/li>\n<li>&#8220;<a href=\"https:\/\/www.facebook.com\/groups\/377013122631156\/search\/?query=catequ%C3%ADstica\">La Catequ\u00edstica<\/a>&#8221; al grup de Facebook &#8220;<a href=\"https:\/\/www.facebook.com\/groups\/377013122631156\/\">Tiana, Recuperant la hist\u00f2ria<\/a>&#8220;<\/li>\n<\/ul>\n","protected":false},"excerpt":{"rendered":"<p>Ball\u00fas, Canals, Nolis, Sard\u00e0, Rabassa, Gel, Sala, Figueras, Campoy, Arom\u00ed, Ba\u00f1os, Batlle, Borr\u00e0s, Cun\u00ed, Galceran, Garreta, Li\u00f1an, Llimona, Llobet, Marsa, Puig, Rigal\u00f3s, Salvatierra, Sola o \u00a0Vilaseca s\u00f3n cognoms que, segons explica en<a class=\"moretag\" href=\"https:\/\/biblioteca.tianat.cat\/?p=4606\">Read More&#8230;<\/a><\/p>\n","protected":false},"author":1,"featured_media":4607,"comment_status":"closed","ping_status":"closed","sticky":false,"template":"","format":"standard","meta":[],"categories":[78],"tags":[],"_links":{"self":[{"href":"https:\/\/biblioteca.tianat.cat\/index.php?rest_route=\/wp\/v2\/posts\/4606"}],"collection":[{"href":"https:\/\/biblioteca.tianat.cat\/index.php?rest_route=\/wp\/v2\/posts"}],"about":[{"href":"https:\/\/biblioteca.tianat.cat\/index.php?rest_route=\/wp\/v2\/types\/post"}],"author":[{"embeddable":true,"href":"https:\/\/biblioteca.tianat.cat\/index.php?rest_route=\/wp\/v2\/users\/1"}],"replies":[{"embeddable":true,"href":"https:\/\/biblioteca.tianat.cat\/index.php?rest_route=%2Fwp%2Fv2%2Fcomments&post=4606"}],"version-history":[{"count":5,"href":"https:\/\/biblioteca.tianat.cat\/index.php?rest_route=\/wp\/v2\/posts\/4606\/revisions"}],"predecessor-version":[{"id":4612,"href":"https:\/\/biblioteca.tianat.cat\/index.php?rest_route=\/wp\/v2\/posts\/4606\/revisions\/4612"}],"wp:featuredmedia":[{"embeddable":true,"href":"https:\/\/biblioteca.tianat.cat\/index.php?rest_route=\/wp\/v2\/media\/4607"}],"wp:attachment":[{"href":"https:\/\/biblioteca.tianat.cat\/index.php?rest_route=%2Fwp%2Fv2%2Fmedia&parent=4606"}],"wp:term":[{"taxonomy":"category","embeddable":true,"href":"https:\/\/biblioteca.tianat.cat\/index.php?rest_route=%2Fwp%2Fv2%2Fcategories&post=4606"},{"taxonomy":"post_tag","embeddable":true,"href":"https:\/\/biblioteca.tianat.cat\/index.php?rest_route=%2Fwp%2Fv2%2Ftags&post=4606"}],"curies":[{"name":"wp","href":"https:\/\/api.w.org\/{rel}","templated":true}]}}