{"id":4752,"date":"2017-06-12T08:00:54","date_gmt":"2017-06-12T06:00:54","guid":{"rendered":"https:\/\/biblioteca.tianat.cat\/?p=4752"},"modified":"2017-06-11T20:27:34","modified_gmt":"2017-06-11T18:27:34","slug":"contes-sobre-les-pors-infantils","status":"publish","type":"post","link":"https:\/\/biblioteca.tianat.cat\/?p=4752","title":{"rendered":"Contes sobre les pors infantils"},"content":{"rendered":"<p style=\"text-align: justify;\">Sota el nom d&#8217;\u201cUff! Quina por!\u201d el mes de juny el dediquem a les pors infantils. El punt de partida ha estat la sessi\u00f3 de contes \u201cTereseta Escombretes\u201d, amb la narradora Maria Yepes, que ens ha acompanyat el dijous 8 de juny, amb una sessi\u00f3 entranyable que d\u00f3na idees als m\u00e9s menuts per combatre les pors i agafar confian\u00e7a en un mateix.<\/p>\n<p style=\"text-align: justify;\">Els infants experimenten tota mena de pors, que van lligades a les diferents etapes del\u00a0 desenvolupament i que de fet s\u00f3n necess\u00e0ries per a cr\u00e9ixer i madurar: por a la foscor, als monstres, a quedar-se sol, als desconeguts, a fer el rid\u00edcul, a l\u2019aigua, \u2026<\/p>\n<p style=\"text-align: justify;\">Des de la biblioteca pensem que la literatura infantil \u00e9s una eina meravellosa per ajudar a combatre les pors. Els nens s\u2019identifiquen amb els personatges i viatgen junts amb ells en el proc\u00e9s de superar les pors. Aquesta superaci\u00f3 els ajuda a veure\u2019s valents per enfrontar les pr\u00f2pies pors i descobreixen les estrat\u00e8gies que s\u00f3n capa\u00e7os de desenvolupar.<\/p>\n<p style=\"text-align: justify;\">Seguint el projecte creat per la Biblioteca Roca Umbert, de Granollers, dins del seu Laboratori de lletres i imatges \u201cNo miris sota el llit\u201d, hem treballat les pors amb una exposici\u00f3 creada per l\u2019alumna Marta Fern\u00e1ndez, de l\u2019Institut Tiana, a qui agra\u00efm el seu ajut i entusiasme en aquesta proposta.<\/p>\n<p style=\"text-align: justify;\">Trobareu tamb\u00e9 en paral\u00b7lel una mostra de llibres del Rac\u00f3 de mares i pares sobre les <a href=\"http:\/\/aladi.diba.cat\/search~S108*cat?\/dpor\/dpor\/1%2C67%2C207%2CB\/exact&amp;FF=dpor+en+els+infants&amp;1%2C6%2C\">pors infantils<\/a> i un punt de llibre que \u00e9s una guia de llibres recomanats.<\/p>\n<p style=\"text-align: justify;\">I si encara en voleu saber m\u00e9s, trobareu una <a href=\"http:\/\/bibliotecavirtual.diba.cat\/detall-guia\/-\/detall\/7D2o\/GUIA_LECTURA\/10934\/25066219\/25403593?_VisorDetalle_WAR_VisorDetalleportlet_INSTANCE_7D2o_tabs=seccion.pestania.documentos\">guia sobre les emocions infantils<\/a>, feta per la biblioteca, dins de la <a href=\"http:\/\/bibliotecavirtual.diba.cat\/\">Biblioteca Virtual<\/a>.<\/p>\n","protected":false},"excerpt":{"rendered":"<p>Sota el nom d&#8217;\u201cUff! Quina por!\u201d el mes de juny el dediquem a les pors infantils. El punt de partida ha estat la sessi\u00f3 de contes \u201cTereseta Escombretes\u201d, amb la narradora Maria<a class=\"moretag\" href=\"https:\/\/biblioteca.tianat.cat\/?p=4752\">Read More&#8230;<\/a><\/p>\n","protected":false},"author":1,"featured_media":4753,"comment_status":"closed","ping_status":"closed","sticky":false,"template":"","format":"standard","meta":[],"categories":[78],"tags":[],"_links":{"self":[{"href":"https:\/\/biblioteca.tianat.cat\/index.php?rest_route=\/wp\/v2\/posts\/4752"}],"collection":[{"href":"https:\/\/biblioteca.tianat.cat\/index.php?rest_route=\/wp\/v2\/posts"}],"about":[{"href":"https:\/\/biblioteca.tianat.cat\/index.php?rest_route=\/wp\/v2\/types\/post"}],"author":[{"embeddable":true,"href":"https:\/\/biblioteca.tianat.cat\/index.php?rest_route=\/wp\/v2\/users\/1"}],"replies":[{"embeddable":true,"href":"https:\/\/biblioteca.tianat.cat\/index.php?rest_route=%2Fwp%2Fv2%2Fcomments&post=4752"}],"version-history":[{"count":3,"href":"https:\/\/biblioteca.tianat.cat\/index.php?rest_route=\/wp\/v2\/posts\/4752\/revisions"}],"predecessor-version":[{"id":4756,"href":"https:\/\/biblioteca.tianat.cat\/index.php?rest_route=\/wp\/v2\/posts\/4752\/revisions\/4756"}],"wp:featuredmedia":[{"embeddable":true,"href":"https:\/\/biblioteca.tianat.cat\/index.php?rest_route=\/wp\/v2\/media\/4753"}],"wp:attachment":[{"href":"https:\/\/biblioteca.tianat.cat\/index.php?rest_route=%2Fwp%2Fv2%2Fmedia&parent=4752"}],"wp:term":[{"taxonomy":"category","embeddable":true,"href":"https:\/\/biblioteca.tianat.cat\/index.php?rest_route=%2Fwp%2Fv2%2Fcategories&post=4752"},{"taxonomy":"post_tag","embeddable":true,"href":"https:\/\/biblioteca.tianat.cat\/index.php?rest_route=%2Fwp%2Fv2%2Ftags&post=4752"}],"curies":[{"name":"wp","href":"https:\/\/api.w.org\/{rel}","templated":true}]}}