{"id":499,"date":"2009-02-25T12:05:00","date_gmt":"2009-02-25T12:05:00","guid":{"rendered":"https:\/\/biblioteca.tianat.cat\/?p=499"},"modified":"2015-05-19T11:19:53","modified_gmt":"2015-05-19T11:19:53","slug":"ara-es-epoca-de-quaresma","status":"publish","type":"post","link":"https:\/\/biblioteca.tianat.cat\/?p=499","title":{"rendered":"Ara \u00e9s \u00e8poca de Quaresma!"},"content":{"rendered":"<pre style=\"text-align: center;word-wrap: break-word; white-space: pre-wrap; \"><a href=\"http:\/\/blocs.xtec.cat\/racotic\/2008\/02\/02\/posa-la-vella-quaresma-en-el-teu-bloc\/\" target=\"_blank\" title=\"vella.gif\"><img decoding=\"async\" loading=\"lazy\" src=\"http:\/\/www.xtec.cat\/~mescoi\/flash\/vella.gif\" alt=\"vella.gif\" height=\"360\" width=\"259\" \/><\/a><br \/><\/pre>\n<div>S\u00ed, s\u00ed! cada setmana li anirem tallant una cama! Aix\u00ed no perdrem el compte de les set setmanes que t\u00e9 la Quaresma!<\/div>\n","protected":false},"excerpt":{"rendered":"<p>S\u00ed, s\u00ed! cada setmana li anirem tallant una cama! Aix\u00ed no perdrem el compte de les set setmanes que t\u00e9 la Quaresma!<\/p>\n","protected":false},"author":1,"featured_media":1433,"comment_status":"closed","ping_status":"closed","sticky":false,"template":"","format":"standard","meta":[],"categories":[78],"tags":[],"_links":{"self":[{"href":"https:\/\/biblioteca.tianat.cat\/index.php?rest_route=\/wp\/v2\/posts\/499"}],"collection":[{"href":"https:\/\/biblioteca.tianat.cat\/index.php?rest_route=\/wp\/v2\/posts"}],"about":[{"href":"https:\/\/biblioteca.tianat.cat\/index.php?rest_route=\/wp\/v2\/types\/post"}],"author":[{"embeddable":true,"href":"https:\/\/biblioteca.tianat.cat\/index.php?rest_route=\/wp\/v2\/users\/1"}],"replies":[{"embeddable":true,"href":"https:\/\/biblioteca.tianat.cat\/index.php?rest_route=%2Fwp%2Fv2%2Fcomments&post=499"}],"version-history":[{"count":1,"href":"https:\/\/biblioteca.tianat.cat\/index.php?rest_route=\/wp\/v2\/posts\/499\/revisions"}],"predecessor-version":[{"id":1432,"href":"https:\/\/biblioteca.tianat.cat\/index.php?rest_route=\/wp\/v2\/posts\/499\/revisions\/1432"}],"wp:featuredmedia":[{"embeddable":true,"href":"https:\/\/biblioteca.tianat.cat\/index.php?rest_route=\/wp\/v2\/media\/1433"}],"wp:attachment":[{"href":"https:\/\/biblioteca.tianat.cat\/index.php?rest_route=%2Fwp%2Fv2%2Fmedia&parent=499"}],"wp:term":[{"taxonomy":"category","embeddable":true,"href":"https:\/\/biblioteca.tianat.cat\/index.php?rest_route=%2Fwp%2Fv2%2Fcategories&post=499"},{"taxonomy":"post_tag","embeddable":true,"href":"https:\/\/biblioteca.tianat.cat\/index.php?rest_route=%2Fwp%2Fv2%2Ftags&post=499"}],"curies":[{"name":"wp","href":"https:\/\/api.w.org\/{rel}","templated":true}]}}