{"id":5095,"date":"2017-09-23T08:00:33","date_gmt":"2017-09-23T06:00:33","guid":{"rendered":"https:\/\/biblioteca.tianat.cat\/?p=5095"},"modified":"2017-09-29T13:59:22","modified_gmt":"2017-09-29T11:59:22","slug":"allarga-la-vida-dels-objectes-amb-el-reparatiana","status":"publish","type":"post","link":"https:\/\/biblioteca.tianat.cat\/?p=5095","title":{"rendered":"Allarga la vida dels objectes amb el &#8220;Repara&#8217;Tiana&#8221;"},"content":{"rendered":"<p style=\"text-align: justify;\">Sovint acabem llen\u00e7ant un munt d\u2019objectes que potser encara podrien tenir una mica m\u00e9s de vida. Podr\u00edem reparar-los o b\u00e9 donar-los una nova utilitat.<\/p>\n<p style=\"text-align: justify;\">Medi Ambient de Tiana engega aquest octubre el \u201cRepara\u2019Tiana: allarguem la vida als objectes\u201d, una iniciativa que ofereix sessions setmanals on es combinen tallers amb punts d\u2019assessorament a la reutilitzaci\u00f3, tem\u00e0tics i totalment gratu\u00efts.<\/p>\n<p style=\"text-align: justify;\">El \u201cRepara\u2019Tiana\u201d t\u2019ajudar\u00e0 a aprendre a restaurar mobles, a reparar petits electrodom\u00e8stics, a arreglar roba, a tenir en forma la bicicleta, etc. Aprendr\u00e0s t\u00e8cniques i anir\u00e0s desenvolupant la creativitat per reciclar objectes i donar-los nous usos.<\/p>\n<p style=\"text-align: justify;\">El lloc on es desenvoluparan els tallers \u00a0i els punts d\u2019assessorament tem\u00e0tics \u00e9s la Biblioteca Can Baratau, tots els dimecres, de 17\u201930 a 20\u201930 h.<\/p>\n<p style=\"text-align: justify;\">Per als tallers cal inscripci\u00f3 pr\u00e8via, doncs es necessita un m\u00ednim de 10 inscrits. Podeu inscriure-us a la Biblioteca, enviant un correu a: <a href=\"mailto:b.tiana.cb@diba.cat\">b.tiana.cb@diba.cat<\/a>, trucant al tel\u00e8fon 93 465 77 41 o de manera presencial.<\/p>\n<p>La programaci\u00f3 per al mes d\u2019octubre \u00e9s la seg\u00fcent:<\/p>\n<p style=\"text-align: justify;\"><strong>Dimecres, 4 d\u2019octubre<\/strong>, 17:30-20h. Taller: \u201cPassa la ITB de la bici\u201d. Cal inscripci\u00f3 a la biblioteca.<\/p>\n<p style=\"text-align: justify;\"><strong>Dimecres, 11 d\u2019octubre<\/strong>, 17:30-20:30h. Punt d\u2019assessorament a la reutilitzaci\u00f3: \u201cAssessorament t\u00e8xtil: porta la teva roba i repara-la amb l\u2019ajuda d\u2019un t\u00e8cnic\u201d.<\/p>\n<p style=\"text-align: justify;\"><strong>Dimecres, 18 d\u2019octubre<\/strong>, 17:30-20h. Taller: \u201cEls mobles vells com nous. Aprenem a restaurar-los\u201d. Cal inscripci\u00f3 a la biblioteca.<\/p>\n<p style=\"text-align: justify;\"><strong>Dimecres, 25 d\u2019octubre<\/strong>, 17:30-20:30h. Punt d\u2019assessorament a la reutilitzaci\u00f3: \u201cAssessorament de reparaci\u00f3 de petits aparells de la llar: repara tu mateix el teu aparell de la llar amb l\u2019ajuda d\u2019un t\u00e8cnic\u201d.<\/p>\n","protected":false},"excerpt":{"rendered":"<p>Sovint acabem llen\u00e7ant un munt d\u2019objectes que potser encara podrien tenir una mica m\u00e9s de vida. Podr\u00edem reparar-los o b\u00e9 donar-los una nova utilitat. Medi Ambient de Tiana engega aquest octubre el<a class=\"moretag\" href=\"https:\/\/biblioteca.tianat.cat\/?p=5095\">Read More&#8230;<\/a><\/p>\n","protected":false},"author":1,"featured_media":5111,"comment_status":"closed","ping_status":"closed","sticky":false,"template":"","format":"standard","meta":[],"categories":[78],"tags":[],"_links":{"self":[{"href":"https:\/\/biblioteca.tianat.cat\/index.php?rest_route=\/wp\/v2\/posts\/5095"}],"collection":[{"href":"https:\/\/biblioteca.tianat.cat\/index.php?rest_route=\/wp\/v2\/posts"}],"about":[{"href":"https:\/\/biblioteca.tianat.cat\/index.php?rest_route=\/wp\/v2\/types\/post"}],"author":[{"embeddable":true,"href":"https:\/\/biblioteca.tianat.cat\/index.php?rest_route=\/wp\/v2\/users\/1"}],"replies":[{"embeddable":true,"href":"https:\/\/biblioteca.tianat.cat\/index.php?rest_route=%2Fwp%2Fv2%2Fcomments&post=5095"}],"version-history":[{"count":4,"href":"https:\/\/biblioteca.tianat.cat\/index.php?rest_route=\/wp\/v2\/posts\/5095\/revisions"}],"predecessor-version":[{"id":5150,"href":"https:\/\/biblioteca.tianat.cat\/index.php?rest_route=\/wp\/v2\/posts\/5095\/revisions\/5150"}],"wp:featuredmedia":[{"embeddable":true,"href":"https:\/\/biblioteca.tianat.cat\/index.php?rest_route=\/wp\/v2\/media\/5111"}],"wp:attachment":[{"href":"https:\/\/biblioteca.tianat.cat\/index.php?rest_route=%2Fwp%2Fv2%2Fmedia&parent=5095"}],"wp:term":[{"taxonomy":"category","embeddable":true,"href":"https:\/\/biblioteca.tianat.cat\/index.php?rest_route=%2Fwp%2Fv2%2Fcategories&post=5095"},{"taxonomy":"post_tag","embeddable":true,"href":"https:\/\/biblioteca.tianat.cat\/index.php?rest_route=%2Fwp%2Fv2%2Ftags&post=5095"}],"curies":[{"name":"wp","href":"https:\/\/api.w.org\/{rel}","templated":true}]}}