{"id":5930,"date":"2018-01-15T08:00:54","date_gmt":"2018-01-15T06:00:54","guid":{"rendered":"https:\/\/biblioteca.tianat.cat\/?p=5930"},"modified":"2018-01-04T09:45:28","modified_gmt":"2018-01-04T07:45:28","slug":"recorreguts-literaris-les-20-ben-negres","status":"publish","type":"post","link":"https:\/\/biblioteca.tianat.cat\/?p=5930","title":{"rendered":"Recorreguts literaris: Les 20 ben negres"},"content":{"rendered":"<div id=\"p_p_id_56_INSTANCE_Qm1l_\" class=\"portlet-boundary portlet-boundary_56_ portlet-static portlet-static-end portlet-borderless portlet-journal-content \">\n<div class=\"portlet-borderless-container\">\n<div class=\"portlet-body\">\n<div class=\"journal-content-article\">\n<p style=\"text-align: justify;\">S&#8217;apropa el Tiana Negra i la Biblioteca Can Baratau es troba de nou submergida en aquest g\u00e8nere.<\/p>\n<p style=\"text-align: justify;\">Avui en dia la novel\u00b7la negra i polic\u00edaca catalana est\u00e0 d&#8217;enhorabona. Amb uns pares fundadors com <a href=\"http:\/\/aladi.diba.cat\/search~S171*cat\/?searchtype=X&amp;searcharg=Novel%C2%B7les+polic%C3%ADaques+tasis&amp;searchscope=171&amp;SORT=D&amp;extended=0&amp;SUBMIT=Cerca&amp;searchlimits=&amp;searchorigarg=dNovel%7Bu00B7%7Dles+polic%7Bu00ED%7Daques\" target=\"_blank\">Rafael Tasis<\/a>, <a href=\"http:\/\/aladi.diba.cat\/search~S171*cat\/?searchtype=a&amp;searcharg=pedrolo+manuel&amp;searchscope=171&amp;sortdropdown=-&amp;SORT=D&amp;extended=0&amp;SUBMIT=Cerca&amp;searchlimits=&amp;searchorigarg=atasis%2C+rafael\" target=\"_blank\">Manuel de Pedrolo<\/a> i <a href=\"http:\/\/aladi.diba.cat\/search~S171*cat\/?searchtype=a&amp;searcharg=fuster%2C+jaume&amp;searchscope=171&amp;sortdropdown=-&amp;SORT=D&amp;extended=0&amp;SUBMIT=Cerca&amp;searchlimits=&amp;searchorigarg=apedrolo+manuel\" target=\"_blank\">Jaume Fuster<\/a>, el g\u00e8nere va viure una \u00e8poca d&#8217;esplendor als anys vuitanta, amb col\u00b7leccions com &#8220;<a href=\"http:\/\/bibliotecavirtual.diba.cat\/detall-noticia\/-\/detall\/rI7E\/NEWS_STRUCTURE\/10934\/16885246\">Seleccions de la Cua de Palla<\/a>&#8221; i <a href=\"http:\/\/aladi.diba.cat\/search~S171*cat?\/tnegra\/tnegra\/1%2C41%2C239%2CB\/exact&amp;FF=tnegra+la+magrana&amp;1%2C115%2C\">&#8220;La Negra&#8221;<\/a>, i autors de la talla d&#8217;<a href=\"http:\/\/aladi.diba.cat\/search~S171*cat?\/amart{u00ED}n+andreu\/amartin+andreu\/1%2C2%2C345%2CB\/exact&amp;FF=amartin+andreu&amp;1%2C343%2C\/indexsort=-\" target=\"_blank\">Andreu Mart\u00edn<\/a> o <a href=\"http:\/\/aladi.diba.cat\/search~S171*cat?\/atorrent%2C+ferrant\/atorrent+ferrant\/-3%2C0%2C0%2CB\/exact&amp;FF=atorrent+ferran&amp;1%2C72%2C\/indexsort=-\" target=\"_blank\">Ferran Torrent<\/a>. A mitjans els noranta van desapar\u00e8ixer les col\u00b7leccions i el g\u00e8nere va anar llanguint, fins que amb l&#8217;arribada del nou segle retorna &#8220;La Negra&#8221; i apareixen noves col\u00b7leccions com &#8220;crims.cat&#8221; i &#8220;Llibres del Delicte&#8221;. Es publiquen antologies que apleguen bona part dels autors actuals, com <a href=\"http:\/\/crims.cat\/\" target=\"_blank\">Crims.cat<\/a>, <a href=\"http:\/\/aladi.diba.cat\/record=b1706438~S171*cat\" target=\"_blank\">Crims.cat 2.0<\/a>, ambdues editades per \u00c0lex Mart\u00edn Escrib\u00e0 i Sebasti\u00e0 Bennasar, i Elles tamb\u00e9 maten, editada per Anna M. Villalonga. A finals de gener t\u00e9 lloc <a href=\"http:\/\/tiananegra.blogspot.com.es\/\" target=\"_blank\">Tiana Negra<\/a>, el festival de la novel\u00b7la negra catalana.<\/p>\n<p>Aqu\u00ed tens un petit ventall d&#8217;autors d&#8217;arreu dels Pa\u00efsos Catalans, amb hist\u00f2ries que van del misteri a la novel\u00b7la negra passant per l&#8217;humor, i amb arguments de m\u00e0xima actualitat. No t&#8217;ho perdis, seria un crim!<\/p>\n<\/div>\n<\/div>\n<\/div>\n<\/div>\n<div id=\"p_p_id_56_INSTANCE_9yYU_\" class=\"portlet-boundary portlet-boundary_56_ portlet-static portlet-static-end portlet-borderless portlet-journal-content \">\n<div class=\"portlet-borderless-container\">\n<div class=\"portlet-body\">\n<div class=\"journal-content-article\">\n<div id=\"tabsPestanias18116495\">\n<ul class=\"aui-tabview-list aui-widget-hd\">\n<li class=\"aui-tab yui3-widget aui-component aui-state-default aui-state-active aui-tab-active aui-tab-focused\" style=\"text-align: justify;\"><span class=\"aui-tab-content\"><a class=\"aui-tab-label\" href=\"http:\/\/bibliotecavirtual.diba.cat\/novela\/recorreguts_literaris_anteriors\/$current_url?pestanyaTitol=Bibliografia\">Bibliografia<\/a><\/span><\/li>\n<li class=\"aui-tab yui3-widget aui-component aui-state-default\" style=\"text-align: justify;\"><span class=\"aui-tab-content\"><a class=\"aui-tab-label\" href=\"http:\/\/bibliotecavirtual.diba.cat\/novela\/recorreguts_literaris_anteriors\/$current_url?pestanyaTitol=Recomanacions\">Recomanacions<\/a><\/span><\/li>\n<li class=\"aui-tab yui3-widget aui-component aui-state-default\" style=\"text-align: justify;\"><span class=\"aui-tab-content\"><a class=\"aui-tab-label\" href=\"http:\/\/bibliotecavirtual.diba.cat\/novela\/recorreguts_literaris_anteriors\/$current_url?pestanyaTitol=Recursos\">Recursos<\/a><\/span><\/li>\n<li class=\"aui-tab yui3-widget aui-component aui-state-default\" style=\"text-align: justify;\"><span class=\"aui-tab-content\"><a class=\"aui-tab-label\" href=\"http:\/\/bibliotecavirtual.diba.cat\/novela\/recorreguts_literaris_anteriors\/$current_url?pestanyaTitol=Tamb\u00e9 et pot interessar\">Tamb\u00e9 et pot interessar<\/a><\/span><\/li>\n<li class=\"aui-tab yui3-widget aui-component aui-state-default\" style=\"text-align: justify;\"><span class=\"aui-tab-content\"><a class=\"aui-tab-label\" href=\"http:\/\/bibliotecavirtual.diba.cat\/novela\/recorreguts_literaris_anteriors\/$current_url?pestanyaTitol=Esdeveniments\">Esdeveniments<\/a><\/span><\/li>\n<\/ul>\n<p>Informaci\u00f3 extreta de la <a href=\"http:\/\/bibliotecavirtual.diba.cat\">Biblioteca Virtual<\/a>.<\/p>\n<\/div>\n<\/div>\n<\/div>\n<\/div>\n<\/div>\n","protected":false},"excerpt":{"rendered":"<p>S&#8217;apropa el Tiana Negra i la Biblioteca Can Baratau es troba de nou submergida en aquest g\u00e8nere. Avui en dia la novel\u00b7la negra i polic\u00edaca catalana est\u00e0 d&#8217;enhorabona. Amb uns pares fundadors<a class=\"moretag\" href=\"https:\/\/biblioteca.tianat.cat\/?p=5930\">Read More&#8230;<\/a><\/p>\n","protected":false},"author":1,"featured_media":5934,"comment_status":"closed","ping_status":"closed","sticky":false,"template":"","format":"standard","meta":[],"categories":[78],"tags":[],"_links":{"self":[{"href":"https:\/\/biblioteca.tianat.cat\/index.php?rest_route=\/wp\/v2\/posts\/5930"}],"collection":[{"href":"https:\/\/biblioteca.tianat.cat\/index.php?rest_route=\/wp\/v2\/posts"}],"about":[{"href":"https:\/\/biblioteca.tianat.cat\/index.php?rest_route=\/wp\/v2\/types\/post"}],"author":[{"embeddable":true,"href":"https:\/\/biblioteca.tianat.cat\/index.php?rest_route=\/wp\/v2\/users\/1"}],"replies":[{"embeddable":true,"href":"https:\/\/biblioteca.tianat.cat\/index.php?rest_route=%2Fwp%2Fv2%2Fcomments&post=5930"}],"version-history":[{"count":4,"href":"https:\/\/biblioteca.tianat.cat\/index.php?rest_route=\/wp\/v2\/posts\/5930\/revisions"}],"predecessor-version":[{"id":5933,"href":"https:\/\/biblioteca.tianat.cat\/index.php?rest_route=\/wp\/v2\/posts\/5930\/revisions\/5933"}],"wp:featuredmedia":[{"embeddable":true,"href":"https:\/\/biblioteca.tianat.cat\/index.php?rest_route=\/wp\/v2\/media\/5934"}],"wp:attachment":[{"href":"https:\/\/biblioteca.tianat.cat\/index.php?rest_route=%2Fwp%2Fv2%2Fmedia&parent=5930"}],"wp:term":[{"taxonomy":"category","embeddable":true,"href":"https:\/\/biblioteca.tianat.cat\/index.php?rest_route=%2Fwp%2Fv2%2Fcategories&post=5930"},{"taxonomy":"post_tag","embeddable":true,"href":"https:\/\/biblioteca.tianat.cat\/index.php?rest_route=%2Fwp%2Fv2%2Ftags&post=5930"}],"curies":[{"name":"wp","href":"https:\/\/api.w.org\/{rel}","templated":true}]}}