{"id":6061,"date":"2018-01-19T21:28:01","date_gmt":"2018-01-19T19:28:01","guid":{"rendered":"https:\/\/biblioteca.tianat.cat\/?p=6061"},"modified":"2018-01-19T22:04:24","modified_gmt":"2018-01-19T20:04:24","slug":"sha-acabat-la-sopa-negra","status":"publish","type":"post","link":"https:\/\/biblioteca.tianat.cat\/?p=6061","title":{"rendered":"S&#8217;ha acabat la sopa negra"},"content":{"rendered":"<p>Hem arribat al final del t\u00fanel de <a href=\"https:\/\/biblioteca.tianat.cat\/?p=6002\" target=\"_blank\">l&#8217;enigma<\/a> que, des de Can Baratau, \u00a0propos\u00e0vem pel <a href=\"http:\/\/tiananegra.blogspot.com.es\/\" target=\"_blank\">Tiana Negra<\/a>. \u00a0\u00a0<strong>\u00a0<a href=\"https:\/\/drive.google.com\/open?id=1Qzj5agpiRbcIDTropg8OxlBsKrUZoRyZ\" target=\"_blank\">Aqu\u00ed<\/a>\u00a0<\/strong>trobareu la imatge de la soluci\u00f3 (vermell=respostes bones; \u00a0groc: paranys)<\/p>\n<p>Les 10 novel\u00b7les \u00a0que hav\u00edeu de descobrir s\u00f3n:<\/p>\n<p>*<strong><span style=\"text-decoration: underline; color: #339966;\"><em>Ant\u00edpodes<\/em><\/span><\/strong>, de M.Ant\u00f2nia Oliver \u00a0 \u00a0 * <strong><span style=\"text-decoration: underline; color: #339966;\"><em>Bes\u00f3s Mar<\/em><\/span><\/strong>, \u00a0de Llu\u00eds Bosch \u00a0 \u00a0 \u00a0 *<span style=\"color: #339966;\"><strong><em><span style=\"text-decoration: underline;\"> Dits enganxosos<\/span><\/em><\/strong><\/span>, \u00a0de Rafael Vallbona \u00a0 \u00a0 * <span style=\"color: #339966;\"><strong><em><span style=\"text-decoration: underline;\">La B\u00edblia andorrana<\/span><\/em><\/strong><\/span>, \u00a0d&#8217;Albert Villar\u00f3 \u00a0 \u00a0 \u00a0 \u00a0* <strong><span style=\"color: #339966;\"><em><span style=\"text-decoration: underline;\">La B\u00edblia valenciana<\/span><\/em><\/span><\/strong>, de Rafael Tasis \u00a0 \u00a0 \u00a0 * <span style=\"color: #339966;\"><strong><span style=\"text-decoration: underline;\"><em>La nit de Damballah<\/em><\/span><\/strong><\/span>, de Jordi Sol\u00e9 \u00a0 \u00a0 * <span style=\"color: #339966;\"><strong><span style=\"text-decoration: underline;\"><em>Les mans del drac<\/em><\/span><\/strong><\/span>, de Sebasti\u00e0 Bennasar \u00a0 \u00a0 * <span style=\"color: #339966;\"><strong><span style=\"text-decoration: underline;\"><em>Mala lluna<\/em><\/span><\/strong><\/span>, de David Mar\u00edn \u00a0 \u00a0 *<strong><span style=\"text-decoration: underline; color: #339966;\"> <em>Proc\u00e9s enverinat<\/em><\/span><\/strong>, de Salvador Balcells \u00a0 \u00a0 * <strong><span style=\"color: #339966;\"><em><span style=\"text-decoration: underline;\">Qui paga, mana<\/span><\/em><\/span><\/strong>, \u00a0de Xavier Moret<\/p>\n<p>Totes s\u00f3n d&#8217;autor catal\u00e0, i les tenim a Can Baratau.<\/p>\n<p>I els paranys ? \u00a0 Els participants hi han caigut m\u00e9s \u00a0de com ho esper\u00e0vem.<\/p>\n<p>&#8211;<em><strong> <span style=\"color: #ff0000;\">El son etern<\/span><\/strong><\/em>, de Raymond Chandler \u00a0(no \u00e9s pas catal\u00e0)<\/p>\n<p>&#8211;<strong><em><span style=\"color: #ff0000;\">La caixa negra<\/span><\/em><\/strong>, d&#8217;Amos Oz , o de Michael Connelly . La d&#8217;Oz( no \u00e9s d&#8217;autor catal\u00e0, ni \u00e9s novel\u00b7la negra). La de Connelly (no \u00e9s d&#8217;autor catal\u00e0, ni la tenim a Tiana)<\/p>\n<p>&#8211;<em><strong><span style=\"color: #ff0000;\">La llum de la nit<\/span><\/strong><\/em>, \u00a0de Graham Moore (el mateix que \u00a0Amos Oz)<\/p>\n<p>&#8211;<em><strong><span style=\"color: #ff0000;\">Mort mar endins<\/span><\/strong><\/em>, \u00a0d&#8217;Andrea Camilleri (\u00e9s autor itali\u00e0)<\/p>\n<p>&#8211;<span style=\"color: #ff0000;\"><em><strong>Un tret al mirall<\/strong><\/em>,<\/span>\u00a0(no ens consta que existeixi cap llibre amb aquest t\u00edtol)<\/p>\n<p>I les 15.45 h. com a termini? Refer\u00e8ncia a\u00a0Jaume Fuster (mort fa 20 anys), que va cultivar el g\u00e8nere negre, \u00a0i la seva novel\u00b7la \u00a0<span style=\"text-decoration: underline;\"><strong><em><span style=\"color: #ff00ff; text-decoration: underline;\">Tarda, sessi\u00f3 cont\u00ednua, 3,45<\/span><\/em><\/strong><\/span><\/p>\n","protected":false},"excerpt":{"rendered":"<p>Hem arribat al final del t\u00fanel de l&#8217;enigma que, des de Can Baratau, \u00a0propos\u00e0vem pel Tiana Negra. \u00a0\u00a0\u00a0Aqu\u00ed\u00a0trobareu la imatge de la soluci\u00f3 (vermell=respostes bones; \u00a0groc: paranys) Les 10 novel\u00b7les \u00a0que hav\u00edeu<a class=\"moretag\" href=\"https:\/\/biblioteca.tianat.cat\/?p=6061\">Read More&#8230;<\/a><\/p>\n","protected":false},"author":1,"featured_media":6062,"comment_status":"closed","ping_status":"closed","sticky":false,"template":"","format":"standard","meta":[],"categories":[78],"tags":[],"_links":{"self":[{"href":"https:\/\/biblioteca.tianat.cat\/index.php?rest_route=\/wp\/v2\/posts\/6061"}],"collection":[{"href":"https:\/\/biblioteca.tianat.cat\/index.php?rest_route=\/wp\/v2\/posts"}],"about":[{"href":"https:\/\/biblioteca.tianat.cat\/index.php?rest_route=\/wp\/v2\/types\/post"}],"author":[{"embeddable":true,"href":"https:\/\/biblioteca.tianat.cat\/index.php?rest_route=\/wp\/v2\/users\/1"}],"replies":[{"embeddable":true,"href":"https:\/\/biblioteca.tianat.cat\/index.php?rest_route=%2Fwp%2Fv2%2Fcomments&post=6061"}],"version-history":[{"count":6,"href":"https:\/\/biblioteca.tianat.cat\/index.php?rest_route=\/wp\/v2\/posts\/6061\/revisions"}],"predecessor-version":[{"id":6073,"href":"https:\/\/biblioteca.tianat.cat\/index.php?rest_route=\/wp\/v2\/posts\/6061\/revisions\/6073"}],"wp:featuredmedia":[{"embeddable":true,"href":"https:\/\/biblioteca.tianat.cat\/index.php?rest_route=\/wp\/v2\/media\/6062"}],"wp:attachment":[{"href":"https:\/\/biblioteca.tianat.cat\/index.php?rest_route=%2Fwp%2Fv2%2Fmedia&parent=6061"}],"wp:term":[{"taxonomy":"category","embeddable":true,"href":"https:\/\/biblioteca.tianat.cat\/index.php?rest_route=%2Fwp%2Fv2%2Fcategories&post=6061"},{"taxonomy":"post_tag","embeddable":true,"href":"https:\/\/biblioteca.tianat.cat\/index.php?rest_route=%2Fwp%2Fv2%2Ftags&post=6061"}],"curies":[{"name":"wp","href":"https:\/\/api.w.org\/{rel}","templated":true}]}}