{"id":6082,"date":"2018-02-01T08:00:28","date_gmt":"2018-02-01T06:00:28","guid":{"rendered":"https:\/\/biblioteca.tianat.cat\/?p=6082"},"modified":"2018-01-24T17:49:53","modified_gmt":"2018-01-24T15:49:53","slug":"febrer-roda-el-mon-i-torna-al-born-relats-de-viatges-i-aventures","status":"publish","type":"post","link":"https:\/\/biblioteca.tianat.cat\/?p=6082","title":{"rendered":"Febrer: Roda el m\u00f3n i torna al Born! Relats de viatges i aventures"},"content":{"rendered":"<p style=\"text-align: justify;\">Seguim amb el segon repte literari de l\u2019any. Aquesta vegada ens endinsem dins la secci\u00f3 de viatges, m\u00e9s enll\u00e0 de les guies de viatges, que tant \u00fas tenen a Can Baratau.<\/p>\n<p style=\"text-align: justify;\">En els relats de viatges hi trobem el punt de vista d\u2019aquell qui ha viscut el viatge, les seves percepcions, introspeccions, reflexions&#8230;<\/p>\n<p style=\"text-align: justify;\">El relat de viatge \u00e9s un g\u00e8nere de gran abast dins de la literatura. Us convidem a tafanejar dins de la secci\u00f3 de la biblioteca i tamb\u00e9 en la tria que us preparem, on trobareu joies com <em><a href=\"http:\/\/aladi.diba.cat\/search*cat\/?searchtype=t&amp;searcharg=corazon+de+ulises&amp;searchscope=108&amp;submit=Cercar\">Coraz\u00f3n de Ulises: un viaje griego<\/a><\/em>, de Javier Reverte, <em><a href=\"http:\/\/aladi.diba.cat\/search*cat\/?searchtype=t&amp;searcharg=desde+africa&amp;searchscope=108&amp;submit=Cercar\">Desde \u00c1frica<\/a><\/em>, de Ryszard Kapuscinski, <a href=\"http:\/\/aladi.diba.cat\/search*cat\/?searchtype=t&amp;searcharg=peor+viaje+del+mun&amp;searchscope=108&amp;submit=Cercar\">El peor viaje del mundo: la expedici\u00f3n de Scott al polo Sur<\/a>, d\u2019Apsley Cherry-Garrard, <em><a href=\"http:\/\/aladi.diba.cat\/search*cat\/?searchtype=t&amp;searcharg=estambul+ciudad&amp;searchscope=108&amp;submit=Cercar\">Estambul: ciudad y recuerdos<\/a><\/em>, d\u2019Orhan Pamuk o <em><a href=\"http:\/\/aladi.diba.cat\/search*cat\/?searchtype=t&amp;searcharg=a+la+sombra+del+ba&amp;searchscope=108&amp;submit=Cercar\">A la sombra del baobab: viaje en busca de las ra\u00edces de \u00c1frica<\/a><\/em>, de Xavier Moret, entre molts altres.<\/p>\n<p style=\"text-align: justify;\">Bona lectura!<\/p>\n","protected":false},"excerpt":{"rendered":"<p>Seguim amb el segon repte literari de l\u2019any. Aquesta vegada ens endinsem dins la secci\u00f3 de viatges, m\u00e9s enll\u00e0 de les guies de viatges, que tant \u00fas tenen a Can Baratau. En<a class=\"moretag\" href=\"https:\/\/biblioteca.tianat.cat\/?p=6082\">Read More&#8230;<\/a><\/p>\n","protected":false},"author":1,"featured_media":6083,"comment_status":"closed","ping_status":"closed","sticky":false,"template":"","format":"standard","meta":[],"categories":[78],"tags":[],"_links":{"self":[{"href":"https:\/\/biblioteca.tianat.cat\/index.php?rest_route=\/wp\/v2\/posts\/6082"}],"collection":[{"href":"https:\/\/biblioteca.tianat.cat\/index.php?rest_route=\/wp\/v2\/posts"}],"about":[{"href":"https:\/\/biblioteca.tianat.cat\/index.php?rest_route=\/wp\/v2\/types\/post"}],"author":[{"embeddable":true,"href":"https:\/\/biblioteca.tianat.cat\/index.php?rest_route=\/wp\/v2\/users\/1"}],"replies":[{"embeddable":true,"href":"https:\/\/biblioteca.tianat.cat\/index.php?rest_route=%2Fwp%2Fv2%2Fcomments&post=6082"}],"version-history":[{"count":4,"href":"https:\/\/biblioteca.tianat.cat\/index.php?rest_route=\/wp\/v2\/posts\/6082\/revisions"}],"predecessor-version":[{"id":6087,"href":"https:\/\/biblioteca.tianat.cat\/index.php?rest_route=\/wp\/v2\/posts\/6082\/revisions\/6087"}],"wp:featuredmedia":[{"embeddable":true,"href":"https:\/\/biblioteca.tianat.cat\/index.php?rest_route=\/wp\/v2\/media\/6083"}],"wp:attachment":[{"href":"https:\/\/biblioteca.tianat.cat\/index.php?rest_route=%2Fwp%2Fv2%2Fmedia&parent=6082"}],"wp:term":[{"taxonomy":"category","embeddable":true,"href":"https:\/\/biblioteca.tianat.cat\/index.php?rest_route=%2Fwp%2Fv2%2Fcategories&post=6082"},{"taxonomy":"post_tag","embeddable":true,"href":"https:\/\/biblioteca.tianat.cat\/index.php?rest_route=%2Fwp%2Fv2%2Ftags&post=6082"}],"curies":[{"name":"wp","href":"https:\/\/api.w.org\/{rel}","templated":true}]}}