{"id":6198,"date":"2018-02-23T19:51:57","date_gmt":"2018-02-23T17:51:57","guid":{"rendered":"https:\/\/biblioteca.tianat.cat\/?p=6198"},"modified":"2018-02-23T19:57:35","modified_gmt":"2018-02-23T17:57:35","slug":"23-de-marc-kenzaburo-oe","status":"publish","type":"post","link":"https:\/\/biblioteca.tianat.cat\/?p=6198","title":{"rendered":"23 de mar\u00e7  &#8211;  Kenzabur\u00f4  \u00d4e"},"content":{"rendered":"<p>Per no coincidir amb la Setmana Santa avancem una setmana la sessi\u00f3 del Club de Lectura d&#8217;aquest mes de mar\u00e7. \u00a0Ser\u00e0, doncs, el dia 23 que convoquem tothom que vulgui comentar, dir-hi la seva o escoltar. \u00a0El tema \u00e9s la novel\u00b7la impactant de Kenzabur\u00f4 \u00d4e <span style=\"text-decoration: underline;\">\u00a0<em>Una q\u00fcesti\u00f3 personal<\/em><\/span>\u00a0, \u00a0continuant el cicle d&#8217;enguany d&#8217;escriptors japonesos . Plena de contingut autobiogr\u00e0fic, es basa en el naixement d&#8217;un fill greument discapacitat, i les conseq\u00fc\u00e8ncies que comporta a un pare no preparat, evidentment, per a aquest fet<\/p>\n<p>L&#8217;hora de sempre: les 7 del vespre. L&#8217;experi\u00e8ncia i el coneixement literari d&#8217;en Toni Sala fan de catalitzadors de la trobada. I la modesta <a href=\"https:\/\/drive.google.com\/open?id=1QPHXWNFZD-0j_i3bSwr5bI12rcIqQyxu\" target=\"_blank\">guia<\/a> us en fa cinc c\u00e8ntims.<\/p>\n","protected":false},"excerpt":{"rendered":"<p>Per no coincidir amb la Setmana Santa avancem una setmana la sessi\u00f3 del Club de Lectura d&#8217;aquest mes de mar\u00e7. \u00a0Ser\u00e0, doncs, el dia 23 que convoquem tothom que vulgui comentar, dir-hi<a class=\"moretag\" href=\"https:\/\/biblioteca.tianat.cat\/?p=6198\">Read More&#8230;<\/a><\/p>\n","protected":false},"author":1,"featured_media":6199,"comment_status":"closed","ping_status":"closed","sticky":false,"template":"","format":"standard","meta":[],"categories":[75],"tags":[],"_links":{"self":[{"href":"https:\/\/biblioteca.tianat.cat\/index.php?rest_route=\/wp\/v2\/posts\/6198"}],"collection":[{"href":"https:\/\/biblioteca.tianat.cat\/index.php?rest_route=\/wp\/v2\/posts"}],"about":[{"href":"https:\/\/biblioteca.tianat.cat\/index.php?rest_route=\/wp\/v2\/types\/post"}],"author":[{"embeddable":true,"href":"https:\/\/biblioteca.tianat.cat\/index.php?rest_route=\/wp\/v2\/users\/1"}],"replies":[{"embeddable":true,"href":"https:\/\/biblioteca.tianat.cat\/index.php?rest_route=%2Fwp%2Fv2%2Fcomments&post=6198"}],"version-history":[{"count":1,"href":"https:\/\/biblioteca.tianat.cat\/index.php?rest_route=\/wp\/v2\/posts\/6198\/revisions"}],"predecessor-version":[{"id":6200,"href":"https:\/\/biblioteca.tianat.cat\/index.php?rest_route=\/wp\/v2\/posts\/6198\/revisions\/6200"}],"wp:featuredmedia":[{"embeddable":true,"href":"https:\/\/biblioteca.tianat.cat\/index.php?rest_route=\/wp\/v2\/media\/6199"}],"wp:attachment":[{"href":"https:\/\/biblioteca.tianat.cat\/index.php?rest_route=%2Fwp%2Fv2%2Fmedia&parent=6198"}],"wp:term":[{"taxonomy":"category","embeddable":true,"href":"https:\/\/biblioteca.tianat.cat\/index.php?rest_route=%2Fwp%2Fv2%2Fcategories&post=6198"},{"taxonomy":"post_tag","embeddable":true,"href":"https:\/\/biblioteca.tianat.cat\/index.php?rest_route=%2Fwp%2Fv2%2Ftags&post=6198"}],"curies":[{"name":"wp","href":"https:\/\/api.w.org\/{rel}","templated":true}]}}