{"id":6289,"date":"2018-03-21T20:57:38","date_gmt":"2018-03-21T18:57:38","guid":{"rendered":"https:\/\/biblioteca.tianat.cat\/?p=6289"},"modified":"2018-03-21T20:58:10","modified_gmt":"2018-03-21T18:58:10","slug":"en-el-cor-de-les-tenebres-de-joseph-conrad","status":"publish","type":"post","link":"https:\/\/biblioteca.tianat.cat\/?p=6289","title":{"rendered":"&#8220;En el cor de les tenebres&#8221; ,   de Joseph Conrad"},"content":{"rendered":"<p>Avui, i no em digueu gandul, la recomanaci\u00f3 de &#8220;<a href=\"https:\/\/ca.wikipedia.org\/wiki\/El_cor_de_les_tenebres\" target=\"_blank\">En el cor de les tenebres<\/a>&#8220;, de Joseph Conrad (pseud\u00f2nim de<a href=\"https:\/\/ca.wikipedia.org\/wiki\/Joseph_Conrad\" target=\"_blank\">&#8230;<\/a> ) ve per persona interposada.<\/p>\n<p>Llegiu qu\u00e8 n&#8217;escrivia\u00a0<a href=\"https:\/\/ca.wikipedia.org\/wiki\/Marina_Espasa\" target=\"_blank\">Marina Espasa <\/a>sobre aquest llibre:<\/p>\n<p><em>\u00a0Aquesta \u00e9s la mena de llibres que s\u2019haurien de llegir a les escoles. Cada vegada que s\u2019obre el debat sobre les lectures obligat\u00f2ries a les aules o sobre la fina l\u00ednia que separa el llibre juvenil del llibre per a adults, un volum de cent trenta p\u00e0gines com aquest, carregat d\u2019ambig\u00fcitat, de matisos, d\u2019aventures, de preguntes i de dubtes es converteix en un exemple perfecte del que podria ser un punt de partida per debatre q\u00fcestions hist\u00f2riques, antropol\u00f2giques o filos\u00f2fiques, perqu\u00e8 <strong>Conrad<\/strong> obre els camins m\u00e9s dif\u00edcils i els desbrossa per portar-nos fins al cor de nosaltres mateixos: si no ens agrada qui hi veiem, no \u00e9s culpa seva.<\/em><\/p>\n<p><em>&#8230;\u00a0quina meravella hipn\u00f2tica que \u00e9s endinsar-se en\u00a0<strong>El cor de les tenebres<\/strong>! L\u2019atmosfera \u00e9s d\u2019irrealitat i de fantasia, com si tot el que li pass\u00e9s a Marlow fos una invenci\u00f3, o un malson pudor\u00f3s i enervant que segurament t\u00e9 a veure amb el malestar que li devia quedar a Conrad despr\u00e9s de l\u2019experi\u00e8ncia al Congo. Els contorns de les coses s\u00f3n borrosos. La llum, difusa. Tot podria ser un encanteri o una il\u00b7lusi\u00f3: la pudor de la carn d\u2019hipop\u00f2tam putrefacta, el brunzir dels mosquits, la boira sobre l\u2019aigua, la foscor de la nit i de l\u2019\u00e0nima humana. Qui \u00e9s Kurtz? Qui \u00e9s Marlow? Qui explica quina hist\u00f2ria a qui? Qui ets, lector, que no sortir\u00e0s d\u2019aquest llibre igual que hi vas entrar? L\u2019horror \u00e9s dins nostre.<\/em><\/p>\n<p>Podreu resistir-vos a llegir-lo ? \u00a0 \u00a0 O no sou d&#8217;eixe m\u00f3n?<\/p>\n","protected":false},"excerpt":{"rendered":"<p>Avui, i no em digueu gandul, la recomanaci\u00f3 de &#8220;En el cor de les tenebres&#8220;, de Joseph Conrad (pseud\u00f2nim de&#8230; ) ve per persona interposada. Llegiu qu\u00e8 n&#8217;escrivia\u00a0Marina Espasa sobre aquest llibre:<a class=\"moretag\" href=\"https:\/\/biblioteca.tianat.cat\/?p=6289\">Read More&#8230;<\/a><\/p>\n","protected":false},"author":1,"featured_media":6290,"comment_status":"closed","ping_status":"closed","sticky":false,"template":"","format":"standard","meta":[],"categories":[7],"tags":[],"_links":{"self":[{"href":"https:\/\/biblioteca.tianat.cat\/index.php?rest_route=\/wp\/v2\/posts\/6289"}],"collection":[{"href":"https:\/\/biblioteca.tianat.cat\/index.php?rest_route=\/wp\/v2\/posts"}],"about":[{"href":"https:\/\/biblioteca.tianat.cat\/index.php?rest_route=\/wp\/v2\/types\/post"}],"author":[{"embeddable":true,"href":"https:\/\/biblioteca.tianat.cat\/index.php?rest_route=\/wp\/v2\/users\/1"}],"replies":[{"embeddable":true,"href":"https:\/\/biblioteca.tianat.cat\/index.php?rest_route=%2Fwp%2Fv2%2Fcomments&post=6289"}],"version-history":[{"count":3,"href":"https:\/\/biblioteca.tianat.cat\/index.php?rest_route=\/wp\/v2\/posts\/6289\/revisions"}],"predecessor-version":[{"id":6293,"href":"https:\/\/biblioteca.tianat.cat\/index.php?rest_route=\/wp\/v2\/posts\/6289\/revisions\/6293"}],"wp:featuredmedia":[{"embeddable":true,"href":"https:\/\/biblioteca.tianat.cat\/index.php?rest_route=\/wp\/v2\/media\/6290"}],"wp:attachment":[{"href":"https:\/\/biblioteca.tianat.cat\/index.php?rest_route=%2Fwp%2Fv2%2Fmedia&parent=6289"}],"wp:term":[{"taxonomy":"category","embeddable":true,"href":"https:\/\/biblioteca.tianat.cat\/index.php?rest_route=%2Fwp%2Fv2%2Fcategories&post=6289"},{"taxonomy":"post_tag","embeddable":true,"href":"https:\/\/biblioteca.tianat.cat\/index.php?rest_route=%2Fwp%2Fv2%2Ftags&post=6289"}],"curies":[{"name":"wp","href":"https:\/\/api.w.org\/{rel}","templated":true}]}}