{"id":6326,"date":"2018-03-27T12:19:13","date_gmt":"2018-03-27T10:19:13","guid":{"rendered":"https:\/\/biblioteca.tianat.cat\/?p=6326"},"modified":"2018-03-27T12:20:36","modified_gmt":"2018-03-27T10:20:36","slug":"descobreix-la-cuina-de-primavera","status":"publish","type":"post","link":"https:\/\/biblioteca.tianat.cat\/?p=6326","title":{"rendered":"Descobreix la cuina de primavera!"},"content":{"rendered":"<p style=\"text-align: justify;\">La primavera representa l\u2019entrada del bon temps, ja que el paisatge es transforma i pren tonalitats m\u00e9s intenses. Ara b\u00e9, aquest despertar estacional tamb\u00e9 el podem veure en els plats, que agafen uns colors m\u00e9s vius on hi predominen el vermell i el verd.<\/p>\n<p style=\"text-align: justify;\">I \u00e9s que aquesta \u00e8poca de l\u2019any dona l\u2019entrada a productes de l\u2019horta com els esp\u00e0rrecs, els p\u00e8sols i les faves, els pebrots, els raves, l\u2019enciam&#8230; i a fruites com les cireres, les maduixes, les prunes o els albercocs. Aliments rics en prote\u00efnes i vitamines, per\u00f2 per damunt de tot en aromes i sabors. Omplim el cab\u00e0s amb les novetats de la temporada!<\/p>\n<p style=\"text-align: justify;\">Feu un cop d&#8217;ull a la selecci\u00f3 de recursos en paper i digitals que trobareu a la <a href=\"https:\/\/bibliotecavirtual.diba.cat\/es\/cuina-i-vins\/cuina-de-temporada\/primavera\">Biblioteca Virtual.<\/a><\/p>\n","protected":false},"excerpt":{"rendered":"<p>La primavera representa l\u2019entrada del bon temps, ja que el paisatge es transforma i pren tonalitats m\u00e9s intenses. Ara b\u00e9, aquest despertar estacional tamb\u00e9 el podem veure en els plats, que agafen<a class=\"moretag\" href=\"https:\/\/biblioteca.tianat.cat\/?p=6326\">Read More&#8230;<\/a><\/p>\n","protected":false},"author":1,"featured_media":6327,"comment_status":"closed","ping_status":"closed","sticky":false,"template":"","format":"standard","meta":[],"categories":[78],"tags":[],"_links":{"self":[{"href":"https:\/\/biblioteca.tianat.cat\/index.php?rest_route=\/wp\/v2\/posts\/6326"}],"collection":[{"href":"https:\/\/biblioteca.tianat.cat\/index.php?rest_route=\/wp\/v2\/posts"}],"about":[{"href":"https:\/\/biblioteca.tianat.cat\/index.php?rest_route=\/wp\/v2\/types\/post"}],"author":[{"embeddable":true,"href":"https:\/\/biblioteca.tianat.cat\/index.php?rest_route=\/wp\/v2\/users\/1"}],"replies":[{"embeddable":true,"href":"https:\/\/biblioteca.tianat.cat\/index.php?rest_route=%2Fwp%2Fv2%2Fcomments&post=6326"}],"version-history":[{"count":1,"href":"https:\/\/biblioteca.tianat.cat\/index.php?rest_route=\/wp\/v2\/posts\/6326\/revisions"}],"predecessor-version":[{"id":6328,"href":"https:\/\/biblioteca.tianat.cat\/index.php?rest_route=\/wp\/v2\/posts\/6326\/revisions\/6328"}],"wp:featuredmedia":[{"embeddable":true,"href":"https:\/\/biblioteca.tianat.cat\/index.php?rest_route=\/wp\/v2\/media\/6327"}],"wp:attachment":[{"href":"https:\/\/biblioteca.tianat.cat\/index.php?rest_route=%2Fwp%2Fv2%2Fmedia&parent=6326"}],"wp:term":[{"taxonomy":"category","embeddable":true,"href":"https:\/\/biblioteca.tianat.cat\/index.php?rest_route=%2Fwp%2Fv2%2Fcategories&post=6326"},{"taxonomy":"post_tag","embeddable":true,"href":"https:\/\/biblioteca.tianat.cat\/index.php?rest_route=%2Fwp%2Fv2%2Ftags&post=6326"}],"curies":[{"name":"wp","href":"https:\/\/api.w.org\/{rel}","templated":true}]}}