{"id":6582,"date":"2018-11-06T13:19:18","date_gmt":"2018-11-06T11:19:18","guid":{"rendered":"https:\/\/biblioteca.tianat.cat\/?p=6582"},"modified":"2018-11-06T13:20:20","modified_gmt":"2018-11-06T11:20:20","slug":"dijous-8-de-novembre-de-2018-la-castanyera","status":"publish","type":"post","link":"https:\/\/biblioteca.tianat.cat\/?p=6582","title":{"rendered":"Dijous 8 de novembre  de 2018 &#8211; La castanyera"},"content":{"rendered":"<p>Aquesta primera setmana de novembre tindrem una sessi\u00f3 de contes on la Castanyera i les castanyes en seran les protagonistes. Cantarem can\u00e7ons i explicarem contes relacionats amb la tardor. La pluja, les fulles que cauen, l&#8217;inici del fred&#8230; Farem que aquesta estaci\u00f3 de l&#8217;any es tenyeixi de colors: vermell, marr\u00f3&#8230; gr\u00e0cies als contes i les cantarelles.<\/p>\n<p>A c\u00e0rrec de <strong>Gisela Llimona<\/strong><\/p>\n<p>Per a nens i nenes a partir de 3 anys.<\/p>\n<p>&nbsp;<\/p>\n<p>&nbsp;<\/p>\n","protected":false},"excerpt":{"rendered":"<p>Aquesta primera setmana de novembre tindrem una sessi\u00f3 de contes on la Castanyera i les castanyes en seran les protagonistes. Cantarem can\u00e7ons i explicarem contes relacionats amb la tardor. La pluja, les<a class=\"moretag\" href=\"https:\/\/biblioteca.tianat.cat\/?p=6582\">Read More&#8230;<\/a><\/p>\n","protected":false},"author":4,"featured_media":6583,"comment_status":"closed","ping_status":"closed","sticky":false,"template":"","format":"standard","meta":[],"categories":[161,160],"tags":[],"_links":{"self":[{"href":"https:\/\/biblioteca.tianat.cat\/index.php?rest_route=\/wp\/v2\/posts\/6582"}],"collection":[{"href":"https:\/\/biblioteca.tianat.cat\/index.php?rest_route=\/wp\/v2\/posts"}],"about":[{"href":"https:\/\/biblioteca.tianat.cat\/index.php?rest_route=\/wp\/v2\/types\/post"}],"author":[{"embeddable":true,"href":"https:\/\/biblioteca.tianat.cat\/index.php?rest_route=\/wp\/v2\/users\/4"}],"replies":[{"embeddable":true,"href":"https:\/\/biblioteca.tianat.cat\/index.php?rest_route=%2Fwp%2Fv2%2Fcomments&post=6582"}],"version-history":[{"count":2,"href":"https:\/\/biblioteca.tianat.cat\/index.php?rest_route=\/wp\/v2\/posts\/6582\/revisions"}],"predecessor-version":[{"id":6585,"href":"https:\/\/biblioteca.tianat.cat\/index.php?rest_route=\/wp\/v2\/posts\/6582\/revisions\/6585"}],"wp:featuredmedia":[{"embeddable":true,"href":"https:\/\/biblioteca.tianat.cat\/index.php?rest_route=\/wp\/v2\/media\/6583"}],"wp:attachment":[{"href":"https:\/\/biblioteca.tianat.cat\/index.php?rest_route=%2Fwp%2Fv2%2Fmedia&parent=6582"}],"wp:term":[{"taxonomy":"category","embeddable":true,"href":"https:\/\/biblioteca.tianat.cat\/index.php?rest_route=%2Fwp%2Fv2%2Fcategories&post=6582"},{"taxonomy":"post_tag","embeddable":true,"href":"https:\/\/biblioteca.tianat.cat\/index.php?rest_route=%2Fwp%2Fv2%2Ftags&post=6582"}],"curies":[{"name":"wp","href":"https:\/\/api.w.org\/{rel}","templated":true}]}}