{"id":6983,"date":"2019-10-01T12:46:49","date_gmt":"2019-10-01T10:46:49","guid":{"rendered":"https:\/\/biblioteca.tianat.cat\/?p=6983"},"modified":"2019-10-01T12:48:59","modified_gmt":"2019-10-01T10:48:59","slug":"color-de-llet-de-nell-leyshon","status":"publish","type":"post","link":"https:\/\/biblioteca.tianat.cat\/?p=6983","title":{"rendered":"&#8220;Color de llet&#8221;, de Nell Leyshon"},"content":{"rendered":"<p>Reeditem una recomanaci\u00f3 que la biblioteca va publicar a la revista <em>P\u00e0nxing Maresme<\/em>, fa menys d&#8217;un any. El llibre s&#8217;ho val.<\/p>\n<p>&#8221;<\/p>\n<p><em>L\u2019Anglaterra rural. Una granja.<\/em><\/p>\n<p><em>Aqu\u00ed nasqu\u00e9 i hi viu la Mary. 14 anys<\/em><\/p>\n<p><em>La seva fam\u00edlia treballa durament a la granja, per a evitar que la fam i la mis\u00e8ria els ensorrin. La Mary \u00a0tamb\u00e9 penca, sense concessions, malgrat la seva cama esguerrada. Sense pausa, un dia rere l\u2019altre; sense temps ni per anar a escola a aprendre de llegir i escriure.<\/em><\/p>\n<p><em>Un dia, el seu pare l\u2019envia a la vicaria a ajudar al servei de la casa i tenir cura de la dona del vicari, que est\u00e0 malalta. Nom\u00e9s pel menjar i un llit a les golfes.<\/em><\/p>\n<p><em>\u00a0 Comen\u00e7a el proc\u00e9s que alliberar\u00e0 la Mary d\u2019aquesta vida de, gaireb\u00e9, animal de c\u00e0rrega. Ella ho explica amb llenguatge punyent, franc i exacte; sense ornaments; tal com li raja. La darrera frase del llibre diu:\u00a0\u00a0<\/em>i llavors ser\u00e9 lliure<em>. \u00a0Tot min\u00fascules, com si no tingu\u00e9s m\u00e9s\u00a0 import\u00e0ncia que munyir una vaca, o escorxar un conill. Com si no tingu\u00e9s\u00a0cap \u00a0import\u00e0ncia. Com si no. &#8220;<\/em><\/p>\n<p>T\u00edtol: <strong>Color de llet<\/strong><\/p>\n<p>Autora: <strong><a href=\"https:\/\/en.wikipedia.org\/wiki\/Nell_Leyshon\" target=\"_blank\">Nell Leyshon<\/a><\/strong><\/p>\n<p>Disponible a Can Baratau i a la <a href=\"http:\/\/aladi.diba.cat\/search*cat\/?searchtype=t&amp;searcharg=color+de+llet&amp;searchscope=171&amp;submit=Cercar\" target=\"_blank\">Xarxa de Biblioteques<\/a> Municipals<\/p>\n","protected":false},"excerpt":{"rendered":"<p>Reeditem una recomanaci\u00f3 que la biblioteca va publicar a la revista P\u00e0nxing Maresme, fa menys d&#8217;un any. El llibre s&#8217;ho val. &#8221; L\u2019Anglaterra rural. Una granja. Aqu\u00ed nasqu\u00e9 i hi viu la<a class=\"moretag\" href=\"https:\/\/biblioteca.tianat.cat\/?p=6983\">Read More&#8230;<\/a><\/p>\n","protected":false},"author":1,"featured_media":6984,"comment_status":"closed","ping_status":"closed","sticky":false,"template":"","format":"standard","meta":[],"categories":[7],"tags":[],"_links":{"self":[{"href":"https:\/\/biblioteca.tianat.cat\/index.php?rest_route=\/wp\/v2\/posts\/6983"}],"collection":[{"href":"https:\/\/biblioteca.tianat.cat\/index.php?rest_route=\/wp\/v2\/posts"}],"about":[{"href":"https:\/\/biblioteca.tianat.cat\/index.php?rest_route=\/wp\/v2\/types\/post"}],"author":[{"embeddable":true,"href":"https:\/\/biblioteca.tianat.cat\/index.php?rest_route=\/wp\/v2\/users\/1"}],"replies":[{"embeddable":true,"href":"https:\/\/biblioteca.tianat.cat\/index.php?rest_route=%2Fwp%2Fv2%2Fcomments&post=6983"}],"version-history":[{"count":4,"href":"https:\/\/biblioteca.tianat.cat\/index.php?rest_route=\/wp\/v2\/posts\/6983\/revisions"}],"predecessor-version":[{"id":6988,"href":"https:\/\/biblioteca.tianat.cat\/index.php?rest_route=\/wp\/v2\/posts\/6983\/revisions\/6988"}],"wp:featuredmedia":[{"embeddable":true,"href":"https:\/\/biblioteca.tianat.cat\/index.php?rest_route=\/wp\/v2\/media\/6984"}],"wp:attachment":[{"href":"https:\/\/biblioteca.tianat.cat\/index.php?rest_route=%2Fwp%2Fv2%2Fmedia&parent=6983"}],"wp:term":[{"taxonomy":"category","embeddable":true,"href":"https:\/\/biblioteca.tianat.cat\/index.php?rest_route=%2Fwp%2Fv2%2Fcategories&post=6983"},{"taxonomy":"post_tag","embeddable":true,"href":"https:\/\/biblioteca.tianat.cat\/index.php?rest_route=%2Fwp%2Fv2%2Ftags&post=6983"}],"curies":[{"name":"wp","href":"https:\/\/api.w.org\/{rel}","templated":true}]}}