{"id":7015,"date":"2019-11-04T18:38:28","date_gmt":"2019-11-04T16:38:28","guid":{"rendered":"https:\/\/biblioteca.tianat.cat\/?p=7015"},"modified":"2019-11-04T18:38:49","modified_gmt":"2019-11-04T16:38:49","slug":"dissabte-16-de-novembre-farcell-de-contes","status":"publish","type":"post","link":"https:\/\/biblioteca.tianat.cat\/?p=7015","title":{"rendered":"Dissabte 16 de novembre &#8211; Farcell de contes"},"content":{"rendered":"<p>La contacontes Nona Umbert fa una crida als m\u00e9s petits de la casa. Els porta contes ben embolicats en farcells de colors que obrireu tots junts per tal que ella els expliqui dibuixant, jugant amb les mans o cantant. Un farcellet ple de ll\u00e0grimes que necessitar\u00e0 les moixaines de tots per desapar\u00e8ixer, un petit ratol\u00ed que necessita un lloc segur per domir, un rossinyol que va a la recerca de la can\u00e7\u00f3 m\u00e9s bonica del m\u00f3n i el secret en el qual descobrireu que passaria si els petons fossin pedretes, gotes d&#8217;aigua o colors s\u00f3n algunes de les narracions que hi podran escoltar els m\u00e9s petits de casa!<\/p>\n<p>A c\u00e0rrec de <strong>Nona Umbert<\/strong><\/p>\n<p>Per a infants de <strong>0 a 4 anys<\/strong><\/p>\n","protected":false},"excerpt":{"rendered":"<p>La contacontes Nona Umbert fa una crida als m\u00e9s petits de la casa. Els porta contes ben embolicats en farcells de colors que obrireu tots junts per tal que ella els expliqui<a class=\"moretag\" href=\"https:\/\/biblioteca.tianat.cat\/?p=7015\">Read More&#8230;<\/a><\/p>\n","protected":false},"author":4,"featured_media":7017,"comment_status":"closed","ping_status":"closed","sticky":false,"template":"","format":"standard","meta":[],"categories":[162],"tags":[],"_links":{"self":[{"href":"https:\/\/biblioteca.tianat.cat\/index.php?rest_route=\/wp\/v2\/posts\/7015"}],"collection":[{"href":"https:\/\/biblioteca.tianat.cat\/index.php?rest_route=\/wp\/v2\/posts"}],"about":[{"href":"https:\/\/biblioteca.tianat.cat\/index.php?rest_route=\/wp\/v2\/types\/post"}],"author":[{"embeddable":true,"href":"https:\/\/biblioteca.tianat.cat\/index.php?rest_route=\/wp\/v2\/users\/4"}],"replies":[{"embeddable":true,"href":"https:\/\/biblioteca.tianat.cat\/index.php?rest_route=%2Fwp%2Fv2%2Fcomments&post=7015"}],"version-history":[{"count":1,"href":"https:\/\/biblioteca.tianat.cat\/index.php?rest_route=\/wp\/v2\/posts\/7015\/revisions"}],"predecessor-version":[{"id":7016,"href":"https:\/\/biblioteca.tianat.cat\/index.php?rest_route=\/wp\/v2\/posts\/7015\/revisions\/7016"}],"wp:featuredmedia":[{"embeddable":true,"href":"https:\/\/biblioteca.tianat.cat\/index.php?rest_route=\/wp\/v2\/media\/7017"}],"wp:attachment":[{"href":"https:\/\/biblioteca.tianat.cat\/index.php?rest_route=%2Fwp%2Fv2%2Fmedia&parent=7015"}],"wp:term":[{"taxonomy":"category","embeddable":true,"href":"https:\/\/biblioteca.tianat.cat\/index.php?rest_route=%2Fwp%2Fv2%2Fcategories&post=7015"},{"taxonomy":"post_tag","embeddable":true,"href":"https:\/\/biblioteca.tianat.cat\/index.php?rest_route=%2Fwp%2Fv2%2Ftags&post=7015"}],"curies":[{"name":"wp","href":"https:\/\/api.w.org\/{rel}","templated":true}]}}