{"id":7136,"date":"2020-01-08T20:28:46","date_gmt":"2020-01-08T18:28:46","guid":{"rendered":"https:\/\/biblioteca.tianat.cat\/?p=7136"},"modified":"2020-01-08T20:32:23","modified_gmt":"2020-01-08T18:32:23","slug":"10-11-gener-poesia-negra-a-can-baratau","status":"publish","type":"post","link":"https:\/\/biblioteca.tianat.cat\/?p=7136","title":{"rendered":"10-11 gener .  Poesia negra a Can Baratau"},"content":{"rendered":"<p style=\"text-align: justify;\">La biblioteca participa com tots els anys en les jornades de <a href=\"http:\/\/tiananegra.blogspot.com\/\" target=\"_blank\">Tiana Negra<\/a>.\u00a0 Aquest any innovem amb dos tallers dedicats a all\u00f2 que hem anomenat <strong>poesia negra <\/strong>( en aquest cas, res a veure amb la poesia afrocubana, que\u00a0ja usa aquesta denominaci\u00f3).\u00a0 Es tracta del fet que gaireb\u00e9 tothom ha llegit novel\u00b7la negra; per\u00f2 la poesia sembla com si no hagu\u00e9s gosat entrar en el g\u00e8nere. Potser ja \u00e9s hora de fer canvis,\u00a0i experimentar una mica tot mirant de poetitzar el fet criminal. Pot semblar contradictori, per\u00f2 de ben segur que valdr\u00e0 la pena.\u00a0 \u00a0 \u00a0 De fet, al segle XIX, <a href=\"https:\/\/ca.wikipedia.org\/wiki\/Thomas_de_Quincey\" target=\"_blank\">Thomas de Quincey<\/a> ja anava per aqu\u00ed amb el seu llibre (en prosa) &#8220;<i>L&#8217;assassinat considerat com una de les Belles Arts<\/i>\u00a0&#8220;&#8230;<\/p>\n<p style=\"text-align: justify;\"><strong>Divendres 10<\/strong> a les 18 h. (sessi\u00f3 per a joves)\u00a0 i <strong>dissabte 11<\/strong> a les 11 h. (sessi\u00f3 per adults) us animem a participar d&#8217;aquests tallers de Poesia Negra que conduir\u00e0 en <a href=\"https:\/\/campusdescriptura.com\/CA\/professorat\/185\/Marti-noy\" target=\"_blank\">Mart\u00ed Noy<\/a>.\u00a0 Com que s\u00f3n places limitades, assegureu-vos la vostra fent inscripci\u00f3 pr\u00e8via a <strong>b.tiana.cb@diba.cat<\/strong>;\u00a0 si no, correu el risc de venir i no tenir lloc.<\/p>\n","protected":false},"excerpt":{"rendered":"<p>La biblioteca participa com tots els anys en les jornades de Tiana Negra.\u00a0 Aquest any innovem amb dos tallers dedicats a all\u00f2 que hem anomenat poesia negra ( en aquest cas, res<a class=\"moretag\" href=\"https:\/\/biblioteca.tianat.cat\/?p=7136\">Read More&#8230;<\/a><\/p>\n","protected":false},"author":1,"featured_media":7137,"comment_status":"closed","ping_status":"closed","sticky":false,"template":"","format":"standard","meta":[],"categories":[78,77],"tags":[],"_links":{"self":[{"href":"https:\/\/biblioteca.tianat.cat\/index.php?rest_route=\/wp\/v2\/posts\/7136"}],"collection":[{"href":"https:\/\/biblioteca.tianat.cat\/index.php?rest_route=\/wp\/v2\/posts"}],"about":[{"href":"https:\/\/biblioteca.tianat.cat\/index.php?rest_route=\/wp\/v2\/types\/post"}],"author":[{"embeddable":true,"href":"https:\/\/biblioteca.tianat.cat\/index.php?rest_route=\/wp\/v2\/users\/1"}],"replies":[{"embeddable":true,"href":"https:\/\/biblioteca.tianat.cat\/index.php?rest_route=%2Fwp%2Fv2%2Fcomments&post=7136"}],"version-history":[{"count":3,"href":"https:\/\/biblioteca.tianat.cat\/index.php?rest_route=\/wp\/v2\/posts\/7136\/revisions"}],"predecessor-version":[{"id":7140,"href":"https:\/\/biblioteca.tianat.cat\/index.php?rest_route=\/wp\/v2\/posts\/7136\/revisions\/7140"}],"wp:featuredmedia":[{"embeddable":true,"href":"https:\/\/biblioteca.tianat.cat\/index.php?rest_route=\/wp\/v2\/media\/7137"}],"wp:attachment":[{"href":"https:\/\/biblioteca.tianat.cat\/index.php?rest_route=%2Fwp%2Fv2%2Fmedia&parent=7136"}],"wp:term":[{"taxonomy":"category","embeddable":true,"href":"https:\/\/biblioteca.tianat.cat\/index.php?rest_route=%2Fwp%2Fv2%2Fcategories&post=7136"},{"taxonomy":"post_tag","embeddable":true,"href":"https:\/\/biblioteca.tianat.cat\/index.php?rest_route=%2Fwp%2Fv2%2Ftags&post=7136"}],"curies":[{"name":"wp","href":"https:\/\/api.w.org\/{rel}","templated":true}]}}