{"id":7474,"date":"2020-04-27T18:33:21","date_gmt":"2020-04-27T16:33:21","guid":{"rendered":"https:\/\/biblioteca.tianat.cat\/?p=7474"},"modified":"2020-04-27T19:12:49","modified_gmt":"2020-04-27T17:12:49","slug":"la-volta-a-la-gal-lia-d-asterix-d-uderzo-goscinny","status":"publish","type":"post","link":"https:\/\/biblioteca.tianat.cat\/?p=7474","title":{"rendered":"La volta a la G\u00e0l.lia d&#8217; Ast\u00e8rix , d&#8217; Uderzo &#038; Goscinny"},"content":{"rendered":"<p>Aquest any 2020 la cursa ciclista m\u00e9s coneguda del m\u00f3n, el Tour de Fran\u00e7a, ha hagut de canviar les seves dates, i no la veurem en les t\u00f2rrides tardes del mes de juliol, si no a\u00a0 la fresca de la tardor.<\/p>\n<p>En el llibre que us recomanem, Uderzo i Goscinny ens ensenyen que el Tour, la Volta a Fran\u00e7a, ja la van fer molts anys enrere l&#8217;Ast\u00e8rix i l&#8217;Ob\u00e8lix, tot i que, com que no s&#8217;havia inventat encara la bicicleta, ho van fer amb un altre vehicle. I a les dificultats d&#8217;una tan llarga \u201cpassejada\u201d, s&#8217;hi afegien els obstacles que hi provaven de posar els soldats del C\u00e8sar.\u00a0 Creieu que els herois gals s&#8217;en van sortir?<\/p>\n<p>Aneu a <a href=\"https:\/\/catalunya.ebiblio.es\/opac\/?locale=ca#index\">https:\/\/catalunya.ebiblio.es\/opac\/?locale=ca#index<\/a> , accediu al llibre i ho podreu saber, acompanyats per les riallles que provoquen sempre les aventures de l&#8217;invencible Ast\u00e8rix i del seu amic, tamb\u00e9 invencible, Ob\u00e8lix.<\/p>\n<p>De ben segur que el llegireu de dalt a baix sense parar.<\/p>\n","protected":false},"excerpt":{"rendered":"<p>Aquest any 2020 la cursa ciclista m\u00e9s coneguda del m\u00f3n, el Tour de Fran\u00e7a, ha hagut de canviar les seves dates, i no la veurem en les t\u00f2rrides tardes del mes de<a class=\"moretag\" href=\"https:\/\/biblioteca.tianat.cat\/?p=7474\">Read More&#8230;<\/a><\/p>\n","protected":false},"author":8,"featured_media":7475,"comment_status":"closed","ping_status":"closed","sticky":false,"template":"","format":"standard","meta":[],"categories":[185],"tags":[],"_links":{"self":[{"href":"https:\/\/biblioteca.tianat.cat\/index.php?rest_route=\/wp\/v2\/posts\/7474"}],"collection":[{"href":"https:\/\/biblioteca.tianat.cat\/index.php?rest_route=\/wp\/v2\/posts"}],"about":[{"href":"https:\/\/biblioteca.tianat.cat\/index.php?rest_route=\/wp\/v2\/types\/post"}],"author":[{"embeddable":true,"href":"https:\/\/biblioteca.tianat.cat\/index.php?rest_route=\/wp\/v2\/users\/8"}],"replies":[{"embeddable":true,"href":"https:\/\/biblioteca.tianat.cat\/index.php?rest_route=%2Fwp%2Fv2%2Fcomments&post=7474"}],"version-history":[{"count":1,"href":"https:\/\/biblioteca.tianat.cat\/index.php?rest_route=\/wp\/v2\/posts\/7474\/revisions"}],"predecessor-version":[{"id":7476,"href":"https:\/\/biblioteca.tianat.cat\/index.php?rest_route=\/wp\/v2\/posts\/7474\/revisions\/7476"}],"wp:featuredmedia":[{"embeddable":true,"href":"https:\/\/biblioteca.tianat.cat\/index.php?rest_route=\/wp\/v2\/media\/7475"}],"wp:attachment":[{"href":"https:\/\/biblioteca.tianat.cat\/index.php?rest_route=%2Fwp%2Fv2%2Fmedia&parent=7474"}],"wp:term":[{"taxonomy":"category","embeddable":true,"href":"https:\/\/biblioteca.tianat.cat\/index.php?rest_route=%2Fwp%2Fv2%2Fcategories&post=7474"},{"taxonomy":"post_tag","embeddable":true,"href":"https:\/\/biblioteca.tianat.cat\/index.php?rest_route=%2Fwp%2Fv2%2Ftags&post=7474"}],"curies":[{"name":"wp","href":"https:\/\/api.w.org\/{rel}","templated":true}]}}