{"id":7584,"date":"2020-05-07T13:13:13","date_gmt":"2020-05-07T11:13:13","guid":{"rendered":"https:\/\/biblioteca.tianat.cat\/?p=7584"},"modified":"2020-05-07T13:13:13","modified_gmt":"2020-05-07T11:13:13","slug":"prorrogat-el-3r-concurs-dinstagram-de-les-biblioteques-amb-do-alella","status":"publish","type":"post","link":"https:\/\/biblioteca.tianat.cat\/?p=7584","title":{"rendered":"Prorrogat el 3r concurs d&#8217;Instagram de les biblioteques amb DO Alella"},"content":{"rendered":"<p style=\"text-align: justify;\"><strong>S&#8217;ha ampliat el termini per participar en el 3r concurs d&#8217;Instagram\u00a0 de les biblioteques amb DO Alella.<\/strong><\/p>\n<p style=\"text-align: justify;\"><strong>Es poden presentar fotografies fins al 13 de setembre.<\/strong><\/p>\n<p style=\"text-align: justify;\">Recordeu que per participar\u00a0heu de publicar una foto a Instagram a trav\u00e9s del vostre perfil, posant-hi un t\u00edtol i geolocalitzant la fotografia en el municipi on l&#8217;hagueu fet (ha de ser un municipi de la DO Alella). Tamb\u00e9 cal etiquetar una de les biblioteques que formen part de la DO Alella. I sobretot, etiquetar-la amb el hashtag\u00a0<strong>#vinstagramdoalella20<\/strong>.<\/p>\n<p>Les fotografies tamb\u00e9 s\u2019hauran d\u2019enviar tamb\u00e9 a la b\u00fastia de correu:\u00a0<em>vinstagramdoalella@gmail.com<\/em>, indicant les dades seg\u00fcents:<\/p>\n<ul>\n<li>T\u00edtol de la fotografia<\/li>\n<li>Lloc de presa de la fotografia (indret i municipi)<\/li>\n<li>Nom i cognoms de l\u2019autor\/a<\/li>\n<li>Municipi de resid\u00e8ncia<\/li>\n<li>Tel\u00e8fon de contacte<\/li>\n<li>Adre\u00e7a electr\u00f2nica de contacte<\/li>\n<\/ul>\n<p>Descarregueu-vos les\u00a0<a href=\"https:\/\/issuu.com\/canbaratau\/docs\/bases-vinstagram-2020_definitives.docx\">bases del concurs<\/a>\u00a0i participeu! Podeu guanyar experi\u00e8ncies enotur\u00edstiques inoblidables i bons vins!<\/p>\n","protected":false},"excerpt":{"rendered":"<p>S&#8217;ha ampliat el termini per participar en el 3r concurs d&#8217;Instagram\u00a0 de les biblioteques amb DO Alella. Es poden presentar fotografies fins al 13 de setembre. Recordeu que per participar\u00a0heu de publicar<a class=\"moretag\" href=\"https:\/\/biblioteca.tianat.cat\/?p=7584\">Read More&#8230;<\/a><\/p>\n","protected":false},"author":8,"featured_media":7189,"comment_status":"closed","ping_status":"closed","sticky":false,"template":"","format":"standard","meta":[],"categories":[173,78],"tags":[],"_links":{"self":[{"href":"https:\/\/biblioteca.tianat.cat\/index.php?rest_route=\/wp\/v2\/posts\/7584"}],"collection":[{"href":"https:\/\/biblioteca.tianat.cat\/index.php?rest_route=\/wp\/v2\/posts"}],"about":[{"href":"https:\/\/biblioteca.tianat.cat\/index.php?rest_route=\/wp\/v2\/types\/post"}],"author":[{"embeddable":true,"href":"https:\/\/biblioteca.tianat.cat\/index.php?rest_route=\/wp\/v2\/users\/8"}],"replies":[{"embeddable":true,"href":"https:\/\/biblioteca.tianat.cat\/index.php?rest_route=%2Fwp%2Fv2%2Fcomments&post=7584"}],"version-history":[{"count":1,"href":"https:\/\/biblioteca.tianat.cat\/index.php?rest_route=\/wp\/v2\/posts\/7584\/revisions"}],"predecessor-version":[{"id":7585,"href":"https:\/\/biblioteca.tianat.cat\/index.php?rest_route=\/wp\/v2\/posts\/7584\/revisions\/7585"}],"wp:featuredmedia":[{"embeddable":true,"href":"https:\/\/biblioteca.tianat.cat\/index.php?rest_route=\/wp\/v2\/media\/7189"}],"wp:attachment":[{"href":"https:\/\/biblioteca.tianat.cat\/index.php?rest_route=%2Fwp%2Fv2%2Fmedia&parent=7584"}],"wp:term":[{"taxonomy":"category","embeddable":true,"href":"https:\/\/biblioteca.tianat.cat\/index.php?rest_route=%2Fwp%2Fv2%2Fcategories&post=7584"},{"taxonomy":"post_tag","embeddable":true,"href":"https:\/\/biblioteca.tianat.cat\/index.php?rest_route=%2Fwp%2Fv2%2Ftags&post=7584"}],"curies":[{"name":"wp","href":"https:\/\/api.w.org\/{rel}","templated":true}]}}