{"id":8129,"date":"2020-12-19T13:21:02","date_gmt":"2020-12-19T11:21:02","guid":{"rendered":"https:\/\/biblioteca.tianat.cat\/?p=8129"},"modified":"2020-12-19T13:21:02","modified_gmt":"2020-12-19T11:21:02","slug":"29-de-gener-el-festi-de-babette-disak-dinesen-karen-blixen","status":"publish","type":"post","link":"https:\/\/biblioteca.tianat.cat\/?p=8129","title":{"rendered":"29 de gener &#8211; &#8220;El fest\u00ed de Babette&#8221;  d&#8217;Isak Dinesen (Karen Blixen)"},"content":{"rendered":"<p>Una sessi\u00f3 m\u00e9s del cicle d&#8217;autors n\u00f2rdics d&#8217;aquest curs. Aquest cop, baixem una mica geogr\u00e0ficament; fins a Dinamarca. O potser baixem molt, perqu\u00e8 l&#8217;autora va viure una colla d&#8217;anys a K\u00e8nia.\u00a0 Es tracta de Karen Blixen, que signava<strong> <a href=\"https:\/\/ca.wikipedia.org\/wiki\/Karen_Blixen\" target=\"_blank\">Isak Dinesen<\/a><\/strong> (us sona m\u00e9s, oi?)\u00a0 Divendres 29, a les 7 del vespre, amb la guia mestr\u00edvola d&#8217;en Toni Sala, comentarem una obra curta, per\u00f2 encisadora: <strong><em>El Fest\u00ed de Babette<\/em>,\u00a0<\/strong>de la que en podeu con\u00e8ixer algunes impressions a la <a href=\"https:\/\/drive.google.com\/file\/d\/1IHVrWigTQog4ngEwWKAfCGgCl9RWXEGK\/view?usp=sharing\" target=\"_blank\"><strong>guia de lectura<\/strong><\/a> que fem. En aquesta ocasi\u00f3 tamb\u00e9 us podem recomanar\u00a0 la <a href=\"http:\/\/aladi.diba.cat\/search~S108*cat?\/tfestin+babette\/tfestin+babette\/-3%2C0%2C0%2CB\/frameset&amp;FF=tfestin+de+babette&amp;1%2C1%2C\/indexsort=-\" target=\"_blank\"><strong>pel\u00b7l\u00edcula<\/strong><\/a> que s&#8217;en va fer, perqu\u00e8 va sortir molt bona, cosa que no s&#8217;esdev\u00e9 sovint amb la majoria de novel\u00b7les adaptades al cinema.<\/p>\n<p>Com en els darres mesos, a l&#8217;hora d&#8217;escriure aix\u00f2 no sabem si es far\u00e0 la sessi\u00f3 telem\u00e0ticament, o no. Probablement, s\u00ed. I aleshores ja us enviarem les dades d&#8217;acc\u00e9s.<\/p>\n<p>&nbsp;<\/p>\n","protected":false},"excerpt":{"rendered":"<p>Una sessi\u00f3 m\u00e9s del cicle d&#8217;autors n\u00f2rdics d&#8217;aquest curs. Aquest cop, baixem una mica geogr\u00e0ficament; fins a Dinamarca. O potser baixem molt, perqu\u00e8 l&#8217;autora va viure una colla d&#8217;anys a K\u00e8nia.\u00a0 Es<a class=\"moretag\" href=\"https:\/\/biblioteca.tianat.cat\/?p=8129\">Read More&#8230;<\/a><\/p>\n","protected":false},"author":1,"featured_media":8130,"comment_status":"closed","ping_status":"closed","sticky":false,"template":"","format":"standard","meta":[],"categories":[75],"tags":[],"_links":{"self":[{"href":"https:\/\/biblioteca.tianat.cat\/index.php?rest_route=\/wp\/v2\/posts\/8129"}],"collection":[{"href":"https:\/\/biblioteca.tianat.cat\/index.php?rest_route=\/wp\/v2\/posts"}],"about":[{"href":"https:\/\/biblioteca.tianat.cat\/index.php?rest_route=\/wp\/v2\/types\/post"}],"author":[{"embeddable":true,"href":"https:\/\/biblioteca.tianat.cat\/index.php?rest_route=\/wp\/v2\/users\/1"}],"replies":[{"embeddable":true,"href":"https:\/\/biblioteca.tianat.cat\/index.php?rest_route=%2Fwp%2Fv2%2Fcomments&post=8129"}],"version-history":[{"count":2,"href":"https:\/\/biblioteca.tianat.cat\/index.php?rest_route=\/wp\/v2\/posts\/8129\/revisions"}],"predecessor-version":[{"id":8132,"href":"https:\/\/biblioteca.tianat.cat\/index.php?rest_route=\/wp\/v2\/posts\/8129\/revisions\/8132"}],"wp:featuredmedia":[{"embeddable":true,"href":"https:\/\/biblioteca.tianat.cat\/index.php?rest_route=\/wp\/v2\/media\/8130"}],"wp:attachment":[{"href":"https:\/\/biblioteca.tianat.cat\/index.php?rest_route=%2Fwp%2Fv2%2Fmedia&parent=8129"}],"wp:term":[{"taxonomy":"category","embeddable":true,"href":"https:\/\/biblioteca.tianat.cat\/index.php?rest_route=%2Fwp%2Fv2%2Fcategories&post=8129"},{"taxonomy":"post_tag","embeddable":true,"href":"https:\/\/biblioteca.tianat.cat\/index.php?rest_route=%2Fwp%2Fv2%2Ftags&post=8129"}],"curies":[{"name":"wp","href":"https:\/\/api.w.org\/{rel}","templated":true}]}}