{"id":8337,"date":"2021-03-09T13:20:21","date_gmt":"2021-03-09T11:20:21","guid":{"rendered":"https:\/\/biblioteca.tianat.cat\/?p=8337"},"modified":"2021-03-10T18:53:17","modified_gmt":"2021-03-10T16:53:17","slug":"taller-tinta-i-vi-dissabte-20-de-marc","status":"publish","type":"post","link":"https:\/\/biblioteca.tianat.cat\/?p=8337","title":{"rendered":"Taller Tinta i vi &#8211; Dissabte 20 de mar\u00e7"},"content":{"rendered":"<p>El vi, en una l\u00e0mina de paper canvia, per\u00f2 deixa la seva empremta i olor. Ens mostra el seu passat, l&#8217;esfor\u00e7 de la m\u00e0 que l&#8217;ha cuidat, collit i elaborat, el temps&#8230; Vivim en terra de vins, en aquest taller ens parlen fora d&#8217;una copa, per\u00f2 ens mostren el valor de l&#8217;esfor\u00e7 tant en una ampolla com en una l\u00e0mina.<\/p>\n<p>A c\u00e0rrec de <strong>Marta Ara\u00f1\u00f3<\/strong><\/p>\n<p>Per a <strong>adults<\/strong><\/p>\n<p><em>Dins del Programa Biblioteques amb DO<\/em><\/p>\n<p><em>Per motius de seguretat i salut, cal portar mascareta, mantenir la dist\u00e0ncia de seguretat i\u00a0 higiene de mans amb gel hidroalcoh\u00f2lic. El material \u00e9s d&#8217;\u00fas individual. Aforament limitat, cal inscripci\u00f3 pr\u00e8via, trucant al 93 465 77 41, o b\u00e9, per correu electr\u00f2nic, b.tiana.cb@diba.cat<\/em><\/p>\n<p>&nbsp;<\/p>\n","protected":false},"excerpt":{"rendered":"<p>El vi, en una l\u00e0mina de paper canvia, per\u00f2 deixa la seva empremta i olor. Ens mostra el seu passat, l&#8217;esfor\u00e7 de la m\u00e0 que l&#8217;ha cuidat, collit i elaborat, el temps&#8230;<a class=\"moretag\" href=\"https:\/\/biblioteca.tianat.cat\/?p=8337\">Read More&#8230;<\/a><\/p>\n","protected":false},"author":4,"featured_media":8345,"comment_status":"closed","ping_status":"closed","sticky":false,"template":"","format":"standard","meta":[],"categories":[173],"tags":[],"_links":{"self":[{"href":"https:\/\/biblioteca.tianat.cat\/index.php?rest_route=\/wp\/v2\/posts\/8337"}],"collection":[{"href":"https:\/\/biblioteca.tianat.cat\/index.php?rest_route=\/wp\/v2\/posts"}],"about":[{"href":"https:\/\/biblioteca.tianat.cat\/index.php?rest_route=\/wp\/v2\/types\/post"}],"author":[{"embeddable":true,"href":"https:\/\/biblioteca.tianat.cat\/index.php?rest_route=\/wp\/v2\/users\/4"}],"replies":[{"embeddable":true,"href":"https:\/\/biblioteca.tianat.cat\/index.php?rest_route=%2Fwp%2Fv2%2Fcomments&post=8337"}],"version-history":[{"count":3,"href":"https:\/\/biblioteca.tianat.cat\/index.php?rest_route=\/wp\/v2\/posts\/8337\/revisions"}],"predecessor-version":[{"id":8344,"href":"https:\/\/biblioteca.tianat.cat\/index.php?rest_route=\/wp\/v2\/posts\/8337\/revisions\/8344"}],"wp:featuredmedia":[{"embeddable":true,"href":"https:\/\/biblioteca.tianat.cat\/index.php?rest_route=\/wp\/v2\/media\/8345"}],"wp:attachment":[{"href":"https:\/\/biblioteca.tianat.cat\/index.php?rest_route=%2Fwp%2Fv2%2Fmedia&parent=8337"}],"wp:term":[{"taxonomy":"category","embeddable":true,"href":"https:\/\/biblioteca.tianat.cat\/index.php?rest_route=%2Fwp%2Fv2%2Fcategories&post=8337"},{"taxonomy":"post_tag","embeddable":true,"href":"https:\/\/biblioteca.tianat.cat\/index.php?rest_route=%2Fwp%2Fv2%2Ftags&post=8337"}],"curies":[{"name":"wp","href":"https:\/\/api.w.org\/{rel}","templated":true}]}}