{"id":8367,"date":"2021-03-19T20:23:33","date_gmt":"2021-03-19T18:23:33","guid":{"rendered":"https:\/\/biblioteca.tianat.cat\/?p=8367"},"modified":"2024-10-01T10:56:08","modified_gmt":"2024-10-01T08:56:08","slug":"dia-mundial-de-la-poesia-a-tiana","status":"publish","type":"post","link":"https:\/\/biblioteca.tianat.cat\/?p=8367","title":{"rendered":"Dia Mundial de la Poesia a&#8230; Tiana"},"content":{"rendered":"<p>La Unesco va establir l&#8217;any 1999 el dia 21 de mar\u00e7 com el Dia Mundial de la Poesia.\u00a0 Aquesta data \u00e9s una ocasi\u00f3 \u00fanica per posar en valor els poetes, promoure la lectura, l&#8217;escriptura i l&#8217;ensenyament de la poesia, potenciar la relaci\u00f3 de la poesia amb d&#8217;altres disciplines art\u00edstiques com: el teatre, la dansa&#8230; a m\u00e9s de donar una major visibilitat en els mitjans de comunicaci\u00f3.<\/p>\n<p>Aquest any, des de la Biblioteca, aprofitant aquesta efem\u00e8ride, hem volgut posar en valor i donar un major reconeixement als nostres poetes i poetesses locals. Que tingueu una bona lectura!<\/p>\n<p><a href=\"https:\/\/drive.google.com\/file\/d\/1bRNNpXyb2YpKm6fp787sxNSI7Sh1ZcxU\/view?usp=sharing\">Dia Mundial de la Poesia&#8230; a Tiana<\/a><\/p>\n","protected":false},"excerpt":{"rendered":"<p>La Unesco va establir l&#8217;any 1999 el dia 21 de mar\u00e7 com el Dia Mundial de la Poesia.\u00a0 Aquesta data \u00e9s una ocasi\u00f3 \u00fanica per posar en valor els poetes, promoure la<a class=\"moretag\" href=\"https:\/\/biblioteca.tianat.cat\/?p=8367\">Read More&#8230;<\/a><\/p>\n","protected":false},"author":4,"featured_media":8368,"comment_status":"closed","ping_status":"closed","sticky":false,"template":"","format":"standard","meta":[],"categories":[145],"tags":[],"_links":{"self":[{"href":"https:\/\/biblioteca.tianat.cat\/index.php?rest_route=\/wp\/v2\/posts\/8367"}],"collection":[{"href":"https:\/\/biblioteca.tianat.cat\/index.php?rest_route=\/wp\/v2\/posts"}],"about":[{"href":"https:\/\/biblioteca.tianat.cat\/index.php?rest_route=\/wp\/v2\/types\/post"}],"author":[{"embeddable":true,"href":"https:\/\/biblioteca.tianat.cat\/index.php?rest_route=\/wp\/v2\/users\/4"}],"replies":[{"embeddable":true,"href":"https:\/\/biblioteca.tianat.cat\/index.php?rest_route=%2Fwp%2Fv2%2Fcomments&post=8367"}],"version-history":[{"count":3,"href":"https:\/\/biblioteca.tianat.cat\/index.php?rest_route=\/wp\/v2\/posts\/8367\/revisions"}],"predecessor-version":[{"id":11593,"href":"https:\/\/biblioteca.tianat.cat\/index.php?rest_route=\/wp\/v2\/posts\/8367\/revisions\/11593"}],"wp:featuredmedia":[{"embeddable":true,"href":"https:\/\/biblioteca.tianat.cat\/index.php?rest_route=\/wp\/v2\/media\/8368"}],"wp:attachment":[{"href":"https:\/\/biblioteca.tianat.cat\/index.php?rest_route=%2Fwp%2Fv2%2Fmedia&parent=8367"}],"wp:term":[{"taxonomy":"category","embeddable":true,"href":"https:\/\/biblioteca.tianat.cat\/index.php?rest_route=%2Fwp%2Fv2%2Fcategories&post=8367"},{"taxonomy":"post_tag","embeddable":true,"href":"https:\/\/biblioteca.tianat.cat\/index.php?rest_route=%2Fwp%2Fv2%2Ftags&post=8367"}],"curies":[{"name":"wp","href":"https:\/\/api.w.org\/{rel}","templated":true}]}}