{"id":8482,"date":"2021-05-05T18:30:35","date_gmt":"2021-05-05T16:30:35","guid":{"rendered":"https:\/\/biblioteca.tianat.cat\/?p=8482"},"modified":"2021-05-05T18:30:35","modified_gmt":"2021-05-05T16:30:35","slug":"biblioterapia-soledat","status":"publish","type":"post","link":"https:\/\/biblioteca.tianat.cat\/?p=8482","title":{"rendered":"Biblioter\u00e0pia-soledat"},"content":{"rendered":"<p>La soledat pot ser f\u00edsica -estar sol- o emocional -sentir-se sol-. Els llibres ens han acompanyat i ens acompanyen i ens parlen de la solitud.<\/p>\n<p>&nbsp;<\/p>\n<p>Lectures recomandes:<\/p>\n<p>Solitud. V\u00edctor Catal\u00e0<br \/>\nLa pla\u00e7a del diamant. Merc\u00e8 Rodoreda<br \/>\nPermagel. Eva Baltasar<br \/>\nDiez mujeres. Marcela Serrano<br \/>\nCinco hores con Mario. Miguel Delibes<br \/>\nTrena de cendra. Carme Guasch<br \/>\nManual per a dones de fer feines. Luc\u00eda Berl\u00edn<br \/>\nMal de pedres. Milena Agus Nada crece a la luz de la luna. Torborg Nedreaas<br \/>\nLa soledad. Natalio Grueso<br \/>\nCien a\u00f1os de soledad. Gabriel Garc\u00eda M\u00e1rquez<br \/>\nLa soledat dels nombres primers. Paolo Giordano<br \/>\nDel final de la soledat. Benedict Wells<br \/>\nEl cor \u00e9s una ca\u00e7ador solitari. Carson MacCullers<\/p>\n","protected":false},"excerpt":{"rendered":"<p>La soledat pot ser f\u00edsica -estar sol- o emocional -sentir-se sol-. Els llibres ens han acompanyat i ens acompanyen i ens parlen de la solitud. &nbsp; Lectures recomandes: Solitud. V\u00edctor Catal\u00e0 La<a class=\"moretag\" href=\"https:\/\/biblioteca.tianat.cat\/?p=8482\">Read More&#8230;<\/a><\/p>\n","protected":false},"author":8,"featured_media":7651,"comment_status":"closed","ping_status":"closed","sticky":false,"template":"","format":"standard","meta":[],"categories":[186],"tags":[],"_links":{"self":[{"href":"https:\/\/biblioteca.tianat.cat\/index.php?rest_route=\/wp\/v2\/posts\/8482"}],"collection":[{"href":"https:\/\/biblioteca.tianat.cat\/index.php?rest_route=\/wp\/v2\/posts"}],"about":[{"href":"https:\/\/biblioteca.tianat.cat\/index.php?rest_route=\/wp\/v2\/types\/post"}],"author":[{"embeddable":true,"href":"https:\/\/biblioteca.tianat.cat\/index.php?rest_route=\/wp\/v2\/users\/8"}],"replies":[{"embeddable":true,"href":"https:\/\/biblioteca.tianat.cat\/index.php?rest_route=%2Fwp%2Fv2%2Fcomments&post=8482"}],"version-history":[{"count":1,"href":"https:\/\/biblioteca.tianat.cat\/index.php?rest_route=\/wp\/v2\/posts\/8482\/revisions"}],"predecessor-version":[{"id":8483,"href":"https:\/\/biblioteca.tianat.cat\/index.php?rest_route=\/wp\/v2\/posts\/8482\/revisions\/8483"}],"wp:featuredmedia":[{"embeddable":true,"href":"https:\/\/biblioteca.tianat.cat\/index.php?rest_route=\/wp\/v2\/media\/7651"}],"wp:attachment":[{"href":"https:\/\/biblioteca.tianat.cat\/index.php?rest_route=%2Fwp%2Fv2%2Fmedia&parent=8482"}],"wp:term":[{"taxonomy":"category","embeddable":true,"href":"https:\/\/biblioteca.tianat.cat\/index.php?rest_route=%2Fwp%2Fv2%2Fcategories&post=8482"},{"taxonomy":"post_tag","embeddable":true,"href":"https:\/\/biblioteca.tianat.cat\/index.php?rest_route=%2Fwp%2Fv2%2Ftags&post=8482"}],"curies":[{"name":"wp","href":"https:\/\/api.w.org\/{rel}","templated":true}]}}