{"id":8652,"date":"2021-09-24T19:12:48","date_gmt":"2021-09-24T17:12:48","guid":{"rendered":"https:\/\/biblioteca.tianat.cat\/?p=8652"},"modified":"2024-10-05T11:49:05","modified_gmt":"2024-10-05T09:49:05","slug":"coneguem-tiana","status":"publish","type":"post","link":"https:\/\/biblioteca.tianat.cat\/?p=8652","title":{"rendered":"Coneguem Tiana&#8230;"},"content":{"rendered":"<p>El setembre arriba la tornada a l&#8217;escola, la tardor i a Tiana, tamb\u00e9 celebrem la festivitat local, Sant Cebri\u00e0.\u00a0 Com a acompanyament a aquesta efem\u00e8ride, des de la Biblioteca us hem preparat una petita sobre Tiana, on trobareu una selecci\u00f3 de documents que parlen sobre la seva hist\u00f2ria, la seva gent, etc.<\/p>\n<p>Des de la Biblioteca, intentem recopilar tot all\u00f2 que est\u00e0 vinculat amb el poble de Tiana. Us animem a descobrir aquesta guia i a venir a la Biblioteca a con\u00e8ixer el fons que hi ha sobre la vila.<\/p>\n<p><a href=\"https:\/\/drive.google.com\/file\/d\/1CMzqjaTpmkgYzk7GcLlqlV1XrSgLIM_i\/view?usp=drive_link\">Coneguem Tiana<\/a><\/p>\n","protected":false},"excerpt":{"rendered":"<p>El setembre arriba la tornada a l&#8217;escola, la tardor i a Tiana, tamb\u00e9 celebrem la festivitat local, Sant Cebri\u00e0.\u00a0 Com a acompanyament a aquesta efem\u00e8ride, des de la Biblioteca us hem preparat<a class=\"moretag\" href=\"https:\/\/biblioteca.tianat.cat\/?p=8652\">Read More&#8230;<\/a><\/p>\n","protected":false},"author":4,"featured_media":8655,"comment_status":"closed","ping_status":"closed","sticky":false,"template":"","format":"standard","meta":[],"categories":[166,78,145],"tags":[],"_links":{"self":[{"href":"https:\/\/biblioteca.tianat.cat\/index.php?rest_route=\/wp\/v2\/posts\/8652"}],"collection":[{"href":"https:\/\/biblioteca.tianat.cat\/index.php?rest_route=\/wp\/v2\/posts"}],"about":[{"href":"https:\/\/biblioteca.tianat.cat\/index.php?rest_route=\/wp\/v2\/types\/post"}],"author":[{"embeddable":true,"href":"https:\/\/biblioteca.tianat.cat\/index.php?rest_route=\/wp\/v2\/users\/4"}],"replies":[{"embeddable":true,"href":"https:\/\/biblioteca.tianat.cat\/index.php?rest_route=%2Fwp%2Fv2%2Fcomments&post=8652"}],"version-history":[{"count":3,"href":"https:\/\/biblioteca.tianat.cat\/index.php?rest_route=\/wp\/v2\/posts\/8652\/revisions"}],"predecessor-version":[{"id":11652,"href":"https:\/\/biblioteca.tianat.cat\/index.php?rest_route=\/wp\/v2\/posts\/8652\/revisions\/11652"}],"wp:featuredmedia":[{"embeddable":true,"href":"https:\/\/biblioteca.tianat.cat\/index.php?rest_route=\/wp\/v2\/media\/8655"}],"wp:attachment":[{"href":"https:\/\/biblioteca.tianat.cat\/index.php?rest_route=%2Fwp%2Fv2%2Fmedia&parent=8652"}],"wp:term":[{"taxonomy":"category","embeddable":true,"href":"https:\/\/biblioteca.tianat.cat\/index.php?rest_route=%2Fwp%2Fv2%2Fcategories&post=8652"},{"taxonomy":"post_tag","embeddable":true,"href":"https:\/\/biblioteca.tianat.cat\/index.php?rest_route=%2Fwp%2Fv2%2Ftags&post=8652"}],"curies":[{"name":"wp","href":"https:\/\/api.w.org\/{rel}","templated":true}]}}