{"id":8673,"date":"2021-09-25T13:37:33","date_gmt":"2021-09-25T11:37:33","guid":{"rendered":"https:\/\/biblioteca.tianat.cat\/?p=8673"},"modified":"2021-09-25T13:50:28","modified_gmt":"2021-09-25T11:50:28","slug":"la-fada-del-mercat-i-el-tresor-de-les-taronges-dijous-21-doctubre","status":"publish","type":"post","link":"https:\/\/biblioteca.tianat.cat\/?p=8673","title":{"rendered":"La fada del mercat i el tresor de les taronges &#8211; Dijous 21 d&#8217;octubre"},"content":{"rendered":"<p>Qui ho ha dit que alguns aliments s\u00f3n avorrits? Apa, si t&#8217;atreveixes, aixeca el dit! Escolta aquest conte i veur\u00e0s com d\u2019errat n\u2019est\u00e0s! I, sin\u00f3, pregunteu-li a la Mariona, una adolescent que s\u2019ha d\u2019encarregar cada dissabte d\u2019anar a mercat i fer la compra. El que no sap \u00e9s que, quasi sense voler, es trobar\u00e0 ficada dins una aventura que la dur\u00e0 fins al cam\u00ed de les cinc portes. Una senda fortament vigilada on s\u2019haur\u00e0 d\u2019enfrontar amb perills inesperats i grans enigmes. Per\u00f2, no estar\u00e0 sola\u2026 l\u2019ajudarem nosaltres i un personatge m\u00e0gic que encara no t\u00e9 nom malgrat que, potser, es podria dir Alkiny\u00f3, o Maxambr\u00f2 o\u2026 Paquilxet! Sigui com sigui, si arriben al final, descobriran el tresor de les taronges i, de propina, ella s\u2019acabar\u00e0 convertint en la fada del mercat. Que no t\u2019ho creus? Doncs, para b\u00e9 les orelles que t\u2019explicar\u00e9 fil per randa aquesta hist\u00f2ria.<\/p>\n<p>A c\u00e0rrec de <strong>Bufamots<\/strong><\/p>\n<p>Recomanat per a infants <strong>a partir de 4 anys<\/strong><\/p>\n<p>En commemoraci\u00f3 del Dia Mundial de l&#8217;Alimentaci\u00f3 i l&#8217;Any Internacional de les Fruites i Verdures<\/p>\n<p><em>Aforament limitat, cal inscripci\u00f3 pr\u00e8via, trucant al tel\u00e8fon 93 465 77 41, o b\u00e9, per correu electr\u00f2nic, b.tiana.cb@diba.cat<\/em><\/p>\n","protected":false},"excerpt":{"rendered":"<p>Qui ho ha dit que alguns aliments s\u00f3n avorrits? Apa, si t&#8217;atreveixes, aixeca el dit! Escolta aquest conte i veur\u00e0s com d\u2019errat n\u2019est\u00e0s! I, sin\u00f3, pregunteu-li a la Mariona, una adolescent que<a class=\"moretag\" href=\"https:\/\/biblioteca.tianat.cat\/?p=8673\">Read More&#8230;<\/a><\/p>\n","protected":false},"author":4,"featured_media":8676,"comment_status":"closed","ping_status":"closed","sticky":false,"template":"","format":"standard","meta":[],"categories":[161],"tags":[],"_links":{"self":[{"href":"https:\/\/biblioteca.tianat.cat\/index.php?rest_route=\/wp\/v2\/posts\/8673"}],"collection":[{"href":"https:\/\/biblioteca.tianat.cat\/index.php?rest_route=\/wp\/v2\/posts"}],"about":[{"href":"https:\/\/biblioteca.tianat.cat\/index.php?rest_route=\/wp\/v2\/types\/post"}],"author":[{"embeddable":true,"href":"https:\/\/biblioteca.tianat.cat\/index.php?rest_route=\/wp\/v2\/users\/4"}],"replies":[{"embeddable":true,"href":"https:\/\/biblioteca.tianat.cat\/index.php?rest_route=%2Fwp%2Fv2%2Fcomments&post=8673"}],"version-history":[{"count":4,"href":"https:\/\/biblioteca.tianat.cat\/index.php?rest_route=\/wp\/v2\/posts\/8673\/revisions"}],"predecessor-version":[{"id":8678,"href":"https:\/\/biblioteca.tianat.cat\/index.php?rest_route=\/wp\/v2\/posts\/8673\/revisions\/8678"}],"wp:featuredmedia":[{"embeddable":true,"href":"https:\/\/biblioteca.tianat.cat\/index.php?rest_route=\/wp\/v2\/media\/8676"}],"wp:attachment":[{"href":"https:\/\/biblioteca.tianat.cat\/index.php?rest_route=%2Fwp%2Fv2%2Fmedia&parent=8673"}],"wp:term":[{"taxonomy":"category","embeddable":true,"href":"https:\/\/biblioteca.tianat.cat\/index.php?rest_route=%2Fwp%2Fv2%2Fcategories&post=8673"},{"taxonomy":"post_tag","embeddable":true,"href":"https:\/\/biblioteca.tianat.cat\/index.php?rest_route=%2Fwp%2Fv2%2Ftags&post=8673"}],"curies":[{"name":"wp","href":"https:\/\/api.w.org\/{rel}","templated":true}]}}