{"id":8927,"date":"2022-01-11T17:58:34","date_gmt":"2022-01-11T15:58:34","guid":{"rendered":"https:\/\/biblioteca.tianat.cat\/?p=8927"},"modified":"2022-01-11T18:00:30","modified_gmt":"2022-01-11T16:00:30","slug":"28-de-gener-un-fill-del-nostre-temps-dodon-von-horvath","status":"publish","type":"post","link":"https:\/\/biblioteca.tianat.cat\/?p=8927","title":{"rendered":"28 de gener \u2013 \u201cUn fill del nostre temps\u201d d\u2019\u00d6d\u00f6n von Horv\u00e1th"},"content":{"rendered":"<p>Aquest mes llegim l\u2019escriptor austrohongar\u00e8s <strong>\u00d6d\u00f6n von Horv\u00e1th<\/strong> i ho fem amb una de les obres que va escriure en el seu \u00faltim any de vida, <strong>\u201cUn fill del nostre temps\u201d.<\/strong><\/p>\n<p>Autor molt cr\u00edtic amb l\u2019\u00e8poca que li va tocar viure, sobretot amb el r\u00e8gim nazi a Alemanya. L\u2019ascens del feixisme va suposar un punt d\u2019inflexi\u00f3 en la seva carrera liter\u00e0ria ja que les seves obres van ser prohibides i perseguides. \u00d6d\u00f6n von Horv\u00e1th es va veure obligat a anar a l\u2019exili i sortir d\u2019Alemanya, primer a It\u00e0lia i despr\u00e9s a Fran\u00e7a, pa\u00eds on trobaria la mort el 1938 despr\u00e9s d&#8217;un desafortunat accident.<\/p>\n<p>Aqu\u00ed teniu la <a href=\"https:\/\/drive.google.com\/file\/d\/1MjnR48POffkad1ysVjJBmgWq0bu9Q-fe\/view?usp=sharing\">guia de lectura<\/a> d&#8217;aquesta sessi\u00f3.<\/p>\n<p>Us esperem el divendres 28 de gener a les 19:00h!<\/p>\n","protected":false},"excerpt":{"rendered":"<p>Aquest mes llegim l\u2019escriptor austrohongar\u00e8s \u00d6d\u00f6n von Horv\u00e1th i ho fem amb una de les obres que va escriure en el seu \u00faltim any de vida, \u201cUn fill del nostre temps\u201d. Autor<a class=\"moretag\" href=\"https:\/\/biblioteca.tianat.cat\/?p=8927\">Read More&#8230;<\/a><\/p>\n","protected":false},"author":1,"featured_media":8930,"comment_status":"closed","ping_status":"closed","sticky":false,"template":"","format":"standard","meta":[],"categories":[75],"tags":[],"_links":{"self":[{"href":"https:\/\/biblioteca.tianat.cat\/index.php?rest_route=\/wp\/v2\/posts\/8927"}],"collection":[{"href":"https:\/\/biblioteca.tianat.cat\/index.php?rest_route=\/wp\/v2\/posts"}],"about":[{"href":"https:\/\/biblioteca.tianat.cat\/index.php?rest_route=\/wp\/v2\/types\/post"}],"author":[{"embeddable":true,"href":"https:\/\/biblioteca.tianat.cat\/index.php?rest_route=\/wp\/v2\/users\/1"}],"replies":[{"embeddable":true,"href":"https:\/\/biblioteca.tianat.cat\/index.php?rest_route=%2Fwp%2Fv2%2Fcomments&post=8927"}],"version-history":[{"count":1,"href":"https:\/\/biblioteca.tianat.cat\/index.php?rest_route=\/wp\/v2\/posts\/8927\/revisions"}],"predecessor-version":[{"id":8929,"href":"https:\/\/biblioteca.tianat.cat\/index.php?rest_route=\/wp\/v2\/posts\/8927\/revisions\/8929"}],"wp:featuredmedia":[{"embeddable":true,"href":"https:\/\/biblioteca.tianat.cat\/index.php?rest_route=\/wp\/v2\/media\/8930"}],"wp:attachment":[{"href":"https:\/\/biblioteca.tianat.cat\/index.php?rest_route=%2Fwp%2Fv2%2Fmedia&parent=8927"}],"wp:term":[{"taxonomy":"category","embeddable":true,"href":"https:\/\/biblioteca.tianat.cat\/index.php?rest_route=%2Fwp%2Fv2%2Fcategories&post=8927"},{"taxonomy":"post_tag","embeddable":true,"href":"https:\/\/biblioteca.tianat.cat\/index.php?rest_route=%2Fwp%2Fv2%2Ftags&post=8927"}],"curies":[{"name":"wp","href":"https:\/\/api.w.org\/{rel}","templated":true}]}}