{"id":8946,"date":"2022-01-24T18:56:58","date_gmt":"2022-01-24T16:56:58","guid":{"rendered":"https:\/\/biblioteca.tianat.cat\/?p=8946"},"modified":"2022-01-24T18:57:11","modified_gmt":"2022-01-24T16:57:11","slug":"dissabte-12-de-febrer-taller-de-moixaines","status":"publish","type":"post","link":"https:\/\/biblioteca.tianat.cat\/?p=8946","title":{"rendered":"Dissabte 12 de febrer &#8211; Taller de moixaines"},"content":{"rendered":"<p>Les moixaines, les cantarelles, els jocs dansats, les can\u00e7ons de bressol s\u00f3n les primeres manifestacions art\u00edstiques que els pares poden compartir amb els seus fills i s\u00f3n un punt de partida en l&#8217;educaci\u00f3 a trav\u00e9s de les quals els infants s&#8217;inicien en el descobriment del seu cos, el llenguatge oral, la dansa, el ritme, l&#8217;audici\u00f3. Mitjan\u00e7ant la m\u00fasica, s&#8217;afavoreix l&#8217;atenci\u00f3, la concentraci\u00f3, l&#8217;esfor\u00e7 i el m\u00e9s important, a trav\u00e9s de la veu i el contacte amb el cos, s&#8217;estableixen vincles afectius entre pares i fills.<\/p>\n<p>A c\u00e0rrec d&#8217;<strong>Anna Farr\u00e9s<\/strong><\/p>\n<p>Recomanat per a infants de <strong>0 a 3 anys<\/strong><\/p>\n<p>Aforament limitat<\/p>\n","protected":false},"excerpt":{"rendered":"<p>Les moixaines, les cantarelles, els jocs dansats, les can\u00e7ons de bressol s\u00f3n les primeres manifestacions art\u00edstiques que els pares poden compartir amb els seus fills i s\u00f3n un punt de partida en<a class=\"moretag\" href=\"https:\/\/biblioteca.tianat.cat\/?p=8946\">Read More&#8230;<\/a><\/p>\n","protected":false},"author":4,"featured_media":8948,"comment_status":"closed","ping_status":"closed","sticky":false,"template":"","format":"standard","meta":[],"categories":[162],"tags":[],"_links":{"self":[{"href":"https:\/\/biblioteca.tianat.cat\/index.php?rest_route=\/wp\/v2\/posts\/8946"}],"collection":[{"href":"https:\/\/biblioteca.tianat.cat\/index.php?rest_route=\/wp\/v2\/posts"}],"about":[{"href":"https:\/\/biblioteca.tianat.cat\/index.php?rest_route=\/wp\/v2\/types\/post"}],"author":[{"embeddable":true,"href":"https:\/\/biblioteca.tianat.cat\/index.php?rest_route=\/wp\/v2\/users\/4"}],"replies":[{"embeddable":true,"href":"https:\/\/biblioteca.tianat.cat\/index.php?rest_route=%2Fwp%2Fv2%2Fcomments&post=8946"}],"version-history":[{"count":1,"href":"https:\/\/biblioteca.tianat.cat\/index.php?rest_route=\/wp\/v2\/posts\/8946\/revisions"}],"predecessor-version":[{"id":8947,"href":"https:\/\/biblioteca.tianat.cat\/index.php?rest_route=\/wp\/v2\/posts\/8946\/revisions\/8947"}],"wp:featuredmedia":[{"embeddable":true,"href":"https:\/\/biblioteca.tianat.cat\/index.php?rest_route=\/wp\/v2\/media\/8948"}],"wp:attachment":[{"href":"https:\/\/biblioteca.tianat.cat\/index.php?rest_route=%2Fwp%2Fv2%2Fmedia&parent=8946"}],"wp:term":[{"taxonomy":"category","embeddable":true,"href":"https:\/\/biblioteca.tianat.cat\/index.php?rest_route=%2Fwp%2Fv2%2Fcategories&post=8946"},{"taxonomy":"post_tag","embeddable":true,"href":"https:\/\/biblioteca.tianat.cat\/index.php?rest_route=%2Fwp%2Fv2%2Ftags&post=8946"}],"curies":[{"name":"wp","href":"https:\/\/api.w.org\/{rel}","templated":true}]}}