{"id":8982,"date":"2022-02-08T20:19:48","date_gmt":"2022-02-08T18:19:48","guid":{"rendered":"https:\/\/biblioteca.tianat.cat\/?p=8982"},"modified":"2022-02-08T20:20:58","modified_gmt":"2022-02-08T18:20:58","slug":"25-de-febrer-placa-dels-herois-de-thomas-bernhard","status":"publish","type":"post","link":"https:\/\/biblioteca.tianat.cat\/?p=8982","title":{"rendered":"25 de febrer \u2013 \u201cPla\u00e7a dels herois&#8221; de Thomas Bernhard"},"content":{"rendered":"<p>Seguim el recorregut d\u2019escriptors austr\u00edacs amb el t\u00edtol <strong>Pla\u00e7a dels Herois<\/strong>. <strong>Thomas Bernhard<\/strong> (1931-1989), va ser poeta, novel\u00b7lista i dramaturg en llengua alemanya, sens dubte una de les grans figures de la literatura i un dels escriptor austr\u00edacs m\u00e9s importants del segle XX. <strong>Bernhard<\/strong> va desenvolupar molt aviat uns personatges protagonistes en les seves obres profundament marcats per l\u2019autocr\u00edtica i per un fort sentiment autodestructiu.<\/p>\n<p><strong>Pla\u00e7a dels Herois\u00a0(1988),<\/strong> com altres obres de l\u2019autor, va topar amb les cr\u00edtiques de cercles conservadors que afirmaven que tacava la reputaci\u00f3 d&#8217;\u00c0ustria.<\/p>\n<p>Us esperem divendres 25 de febrer a les 19:00h i aqu\u00ed teniu la <a href=\"https:\/\/drive.google.com\/file\/d\/1SrT3S8SFe4ra3sLKpBk9fYnOmb4tqElR\/view?usp=sharing\">guia de lectura<\/a> d&#8217;aquesta sessi\u00f3.<\/p>\n","protected":false},"excerpt":{"rendered":"<p>Seguim el recorregut d\u2019escriptors austr\u00edacs amb el t\u00edtol Pla\u00e7a dels Herois. Thomas Bernhard (1931-1989), va ser poeta, novel\u00b7lista i dramaturg en llengua alemanya, sens dubte una de les grans figures de la<a class=\"moretag\" href=\"https:\/\/biblioteca.tianat.cat\/?p=8982\">Read More&#8230;<\/a><\/p>\n","protected":false},"author":1,"featured_media":8984,"comment_status":"closed","ping_status":"closed","sticky":false,"template":"","format":"standard","meta":[],"categories":[75],"tags":[],"_links":{"self":[{"href":"https:\/\/biblioteca.tianat.cat\/index.php?rest_route=\/wp\/v2\/posts\/8982"}],"collection":[{"href":"https:\/\/biblioteca.tianat.cat\/index.php?rest_route=\/wp\/v2\/posts"}],"about":[{"href":"https:\/\/biblioteca.tianat.cat\/index.php?rest_route=\/wp\/v2\/types\/post"}],"author":[{"embeddable":true,"href":"https:\/\/biblioteca.tianat.cat\/index.php?rest_route=\/wp\/v2\/users\/1"}],"replies":[{"embeddable":true,"href":"https:\/\/biblioteca.tianat.cat\/index.php?rest_route=%2Fwp%2Fv2%2Fcomments&post=8982"}],"version-history":[{"count":1,"href":"https:\/\/biblioteca.tianat.cat\/index.php?rest_route=\/wp\/v2\/posts\/8982\/revisions"}],"predecessor-version":[{"id":8985,"href":"https:\/\/biblioteca.tianat.cat\/index.php?rest_route=\/wp\/v2\/posts\/8982\/revisions\/8985"}],"wp:featuredmedia":[{"embeddable":true,"href":"https:\/\/biblioteca.tianat.cat\/index.php?rest_route=\/wp\/v2\/media\/8984"}],"wp:attachment":[{"href":"https:\/\/biblioteca.tianat.cat\/index.php?rest_route=%2Fwp%2Fv2%2Fmedia&parent=8982"}],"wp:term":[{"taxonomy":"category","embeddable":true,"href":"https:\/\/biblioteca.tianat.cat\/index.php?rest_route=%2Fwp%2Fv2%2Fcategories&post=8982"},{"taxonomy":"post_tag","embeddable":true,"href":"https:\/\/biblioteca.tianat.cat\/index.php?rest_route=%2Fwp%2Fv2%2Ftags&post=8982"}],"curies":[{"name":"wp","href":"https:\/\/api.w.org\/{rel}","templated":true}]}}