{"id":9035,"date":"2022-03-01T17:23:42","date_gmt":"2022-03-01T15:23:42","guid":{"rendered":"https:\/\/biblioteca.tianat.cat\/?p=9035"},"modified":"2022-03-01T17:23:42","modified_gmt":"2022-03-01T15:23:42","slug":"10-de-marc-club-du-livre-barbe-bleue-damelie-nothomb","status":"publish","type":"post","link":"https:\/\/biblioteca.tianat.cat\/?p=9035","title":{"rendered":"10 de mar\u00e7\u2013 Club du Livre \u2013 &#8220;Barbe bleue&#8221; d&#8217;Am\u00e9lie Nothomb"},"content":{"rendered":"<p>Aquest mes tenim l\u2019escriptora <strong>Am\u00e9lie Nothomb<\/strong> al nostre Club de Livre, com ja ha estat protagonista en altres ocasions, amb el llibre <strong>&#8220;Barbe bleue&#8221;.<\/strong><\/p>\n<p><strong>Am\u00e9lie Nothomb<\/strong> \u00e9s d\u2019origen belga i escriu en llegua francesa. \u00c9s una autora molt prol\u00edfica, publica un llibre cada d\u2019any des de que va comen\u00e7ar la seva carrera al 1992 amb el t\u00edtol la <strong><em>Higiene de l\u2019assass\u00ed.<\/em><\/strong><\/p>\n<p>Al <strong><em>Barbe bleue<\/em><\/strong> d\u2019Amelie es combinen perfectament l\u2019humor i el suspens en tot el relat, t\u00e9 tots els ingredients dels contes fant\u00e0stics que hem llegit de petits, no hi falta l\u2019ogre, el castell, la bella donzella en dificultats i el pr\u00edncep, que potser \u00e9s m\u00e9s malvat que pr\u00edncep, tot traslladat al Par\u00eds actual amb uns di\u00e0legs trepidants i un final que no us podeu perdre.<\/p>\n<p>Ens veiem el dijous 10 de mar\u00e7 a les 19.00h!<\/p>\n","protected":false},"excerpt":{"rendered":"<p>Aquest mes tenim l\u2019escriptora Am\u00e9lie Nothomb al nostre Club de Livre, com ja ha estat protagonista en altres ocasions, amb el llibre &#8220;Barbe bleue&#8221;. Am\u00e9lie Nothomb \u00e9s d\u2019origen belga i escriu en<a class=\"moretag\" href=\"https:\/\/biblioteca.tianat.cat\/?p=9035\">Read More&#8230;<\/a><\/p>\n","protected":false},"author":1,"featured_media":9036,"comment_status":"closed","ping_status":"closed","sticky":false,"template":"","format":"standard","meta":[],"categories":[142],"tags":[],"_links":{"self":[{"href":"https:\/\/biblioteca.tianat.cat\/index.php?rest_route=\/wp\/v2\/posts\/9035"}],"collection":[{"href":"https:\/\/biblioteca.tianat.cat\/index.php?rest_route=\/wp\/v2\/posts"}],"about":[{"href":"https:\/\/biblioteca.tianat.cat\/index.php?rest_route=\/wp\/v2\/types\/post"}],"author":[{"embeddable":true,"href":"https:\/\/biblioteca.tianat.cat\/index.php?rest_route=\/wp\/v2\/users\/1"}],"replies":[{"embeddable":true,"href":"https:\/\/biblioteca.tianat.cat\/index.php?rest_route=%2Fwp%2Fv2%2Fcomments&post=9035"}],"version-history":[{"count":1,"href":"https:\/\/biblioteca.tianat.cat\/index.php?rest_route=\/wp\/v2\/posts\/9035\/revisions"}],"predecessor-version":[{"id":9037,"href":"https:\/\/biblioteca.tianat.cat\/index.php?rest_route=\/wp\/v2\/posts\/9035\/revisions\/9037"}],"wp:featuredmedia":[{"embeddable":true,"href":"https:\/\/biblioteca.tianat.cat\/index.php?rest_route=\/wp\/v2\/media\/9036"}],"wp:attachment":[{"href":"https:\/\/biblioteca.tianat.cat\/index.php?rest_route=%2Fwp%2Fv2%2Fmedia&parent=9035"}],"wp:term":[{"taxonomy":"category","embeddable":true,"href":"https:\/\/biblioteca.tianat.cat\/index.php?rest_route=%2Fwp%2Fv2%2Fcategories&post=9035"},{"taxonomy":"post_tag","embeddable":true,"href":"https:\/\/biblioteca.tianat.cat\/index.php?rest_route=%2Fwp%2Fv2%2Ftags&post=9035"}],"curies":[{"name":"wp","href":"https:\/\/api.w.org\/{rel}","templated":true}]}}